{"id":1096,"date":"2023-12-02T19:54:59","date_gmt":"2023-12-02T18:54:59","guid":{"rendered":"https:\/\/www.artep.hu\/?p=1096"},"modified":"2025-04-29T12:25:12","modified_gmt":"2025-04-29T10:25:12","slug":"egyedi-tervezesu-ajandekok-karacsonyra","status":"publish","type":"post","link":"https:\/\/www.artep.hu\/en\/egyedi-tervezesu-ajandekok-karacsonyra\/","title":{"rendered":"Custom designed gifts for Christmas"},"content":{"rendered":"<h2 class=\"wp-block-heading\" style=\"font-size:18px\">As Christmas approaches, we all wonder what to surprise our loved ones with. The ideas are endless, but let's face it, most people love unique, personalised gifts and that's what they enjoy most.<\/h2>\n\n\n\n<p class=\"has-text-align-justify\">What's the value of a personalised surprise? That the person who gave the gift has put a lot of thought into what to give, and the time and creativity they put into the idea and its realisation is what gives the gift its real value. And of course how nice it is to know that what you have given is something that no one else has but the person who has received it, right?<br>Right.<br>But here are a few more reasons to see why custom-made products can be truly special and memorable surprises.<\/p>\n\n\n\n<h2 class=\"wp-block-heading\" style=\"font-size:18px\"><strong>Personal touch<\/strong><\/h2>\n\n\n\n<p class=\"has-text-align-justify translation-block\">Custom gifts give you the opportunity to express the special bond you have with your loved one and how many beautiful memories you share. A beautifully crafted mug with an inside joke, or a t-shirt with a photo of a happy memory, is guaranteed to make the recipient laugh or touch.<\/p>\n\n\n\n<figure class=\"wp-block-image aligncenter size-large\"><img fetchpriority=\"high\" decoding=\"async\" width=\"1024\" height=\"817\" src=\"https:\/\/www.artep.hu\/wp-content\/uploads\/2023\/12\/egyedi-ajandek-2-1024x817.jpg\" alt=\"\" class=\"wp-image-1106\" srcset=\"https:\/\/www.artep.hu\/wp-content\/uploads\/2023\/12\/egyedi-ajandek-2-1024x817.jpg 1024w, https:\/\/www.artep.hu\/wp-content\/uploads\/2023\/12\/egyedi-ajandek-2-300x239.jpg 300w, https:\/\/www.artep.hu\/wp-content\/uploads\/2023\/12\/egyedi-ajandek-2-768x613.jpg 768w, https:\/\/www.artep.hu\/wp-content\/uploads\/2023\/12\/egyedi-ajandek-2-1536x1226.jpg 1536w, https:\/\/www.artep.hu\/wp-content\/uploads\/2023\/12\/egyedi-ajandek-2-15x12.jpg 15w, https:\/\/www.artep.hu\/wp-content\/uploads\/2023\/12\/egyedi-ajandek-2.jpg 1921w\" sizes=\"(max-width: 1024px) 100vw, 1024px\" \/><\/figure>\n\n\n\n<div style=\"height:20px\" aria-hidden=\"true\" class=\"wp-block-spacer\"><\/div>\n\n\n\n<h2 class=\"wp-block-heading\" style=\"font-size:18px\"><strong>Unleash your creativity<\/strong><\/h2>\n\n\n\n<p class=\"has-text-align-justify\">Designing gives you the opportunity to express your creativity and your own style, because by participating in the design process, a part of your personality is incorporated into the gift. And that's something the gift recipient will really appreciate!<\/p>\n\n\n\n<h2 class=\"wp-block-heading\" style=\"font-size:18px\"><strong>Functionality and utility<\/strong><\/h2>\n\n\n\n<p class=\"has-text-align-justify translation-block\">Individually designed objects can be more than just decorations, they can also be useful everyday items. A personalised phone case, bookmark or canvas bag is always useful and will remind the recipient of how caring and attentive you are to their needs.<\/p>\n\n\n\n<h2 class=\"wp-block-heading\" style=\"font-size:18px\"><strong>Environmental awareness<\/strong><\/h2>\n\n\n\n<p class=\"has-text-align-justify\">Custom-designed items often have a longer lifespan, as people are less likely to part with them because of the personal attachment. This helps reduce unnecessary waste, which is an increasingly important consideration these days.<\/p>\n\n\n\n<p class=\"has-text-align-justify\">So, before you get caught up in the stress of Christmas gift shopping, consider the possibilities of custom-made gifts. The combination of personality, creativity and usefulness is guaranteed to make the holidays unforgettable for both the giftee and the giver \ud83d\ude42<\/p>\n\n\n\n<p class=\"has-text-align-justify translation-block\">If you need help with the design or even the execution, feel free to contact me!\nI wish you a pleasant and stress-free preparation!<\/p>","protected":false},"excerpt":{"rendered":"<p>Ahogy k\u00f6zeledik a Kar\u00e1csony, mindannyian azon t\u0171n\u0151d\u00fcnk, mivel lepj\u00fck meg szeretteinket. Az \u00f6tletek t\u00e1rh\u00e1za szinte v\u00e9gtelen, de valljuk be, az emberek t\u00f6bbs\u00e9ge im\u00e1dja az egyedi, szem\u00e9lyre sz\u00f3l\u00f3 aj\u00e1nd\u00e9kokat, \u00e9s azoknak szokott a legjobban \u00f6r\u00fclni. Hisz mit \u00e1rul egy szem\u00e9lyre szabott meglepet\u00e9s? Hogy aki adta az aj\u00e1nd\u00e9kot, sokat gondolkozott azon, mit adjon, \u00e9s az id\u0151 \u00e9s [&hellip;]<\/p>\n","protected":false},"author":1,"featured_media":1105,"comment_status":"closed","ping_status":"open","sticky":false,"template":"","format":"standard","meta":{"_editorskit_title_hidden":false,"_editorskit_reading_time":0,"_editorskit_is_block_options_detached":false,"_editorskit_block_options_position":"{}","site-sidebar-layout":"default","site-content-layout":"","ast-site-content-layout":"default","site-content-style":"default","site-sidebar-style":"default","ast-global-header-display":"","ast-banner-title-visibility":"","ast-main-header-display":"","ast-hfb-above-header-display":"","ast-hfb-below-header-display":"","ast-hfb-mobile-header-display":"","site-post-title":"","ast-breadcrumbs-content":"","ast-featured-img":"","footer-sml-layout":"","theme-transparent-header-meta":"","adv-header-id-meta":"","stick-header-meta":"","header-above-stick-meta":"","header-main-stick-meta":"","header-below-stick-meta":"","astra-migrate-meta-layouts":"set","ast-page-background-enabled":"default","ast-page-background-meta":{"desktop":{"background-color":"","background-image":"","background-repeat":"repeat","background-position":"center center","background-size":"auto","background-attachment":"scroll","background-type":"","background-media":"","overlay-type":"","overlay-color":"","overlay-opacity":"","overlay-gradient":""},"tablet":{"background-color":"","background-image":"","background-repeat":"repeat","background-position":"center center","background-size":"auto","background-attachment":"scroll","background-type":"","background-media":"","overlay-type":"","overlay-color":"","overlay-opacity":"","overlay-gradient":""},"mobile":{"background-color":"","background-image":"","background-repeat":"repeat","background-position":"center center","background-size":"auto","background-attachment":"scroll","background-type":"","background-media":"","overlay-type":"","overlay-color":"","overlay-opacity":"","overlay-gradient":""}},"ast-content-background-meta":{"desktop":{"background-color":"var(--ast-global-color-5)","background-image":"","background-repeat":"repeat","background-position":"center center","background-size":"auto","background-attachment":"scroll","background-type":"","background-media":"","overlay-type":"","overlay-color":"","overlay-opacity":"","overlay-gradient":""},"tablet":{"background-color":"var(--ast-global-color-5)","background-image":"","background-repeat":"repeat","background-position":"center center","background-size":"auto","background-attachment":"scroll","background-type":"","background-media":"","overlay-type":"","overlay-color":"","overlay-opacity":"","overlay-gradient":""},"mobile":{"background-color":"var(--ast-global-color-5)","background-image":"","background-repeat":"repeat","background-position":"center center","background-size":"auto","background-attachment":"scroll","background-type":"","background-media":"","overlay-type":"","overlay-color":"","overlay-opacity":"","overlay-gradient":""}},"footnotes":""},"categories":[8],"tags":[28,26,30,27,29,25],"class_list":["post-1096","post","type-post","status-publish","format-standard","has-post-thumbnail","hentry","category-blog","tag-egyedi-tervezesu-bogrek","tag-egyedi-tervezesu-karacsonyi-ajandek","tag-egyedi-tervezesu-konyvjelzok","tag-egyedi-tervezesu-telefontokok","tag-egyedi-tervezesu-vaszontaskak","tag-karacsonyi-ajandek"],"yoast_head":"<!-- This site is optimized with the Yoast SEO plugin v27.5 - https:\/\/yoast.com\/product\/yoast-seo-wordpress\/ -->\n<title>Egyedi tervez\u00e9s\u0171 aj\u00e1nd\u00e9kok Kar\u00e1csonyra - Artep Graphic Designs<\/title>\n<meta name=\"description\" content=\"Ahogy k\u00f6zeledik a kar\u00e1csony, mindannyian azon t\u0171n\u0151d\u00fcnk, mivel lepj\u00fck meg szeretteinket. Az egyedi tervez\u00e9s\u0171 aj\u00e1nd\u00e9kok mindig bev\u00e1lnak!\" \/>\n<meta name=\"robots\" content=\"index, follow, max-snippet:-1, max-image-preview:large, max-video-preview:-1\" \/>\n<link rel=\"canonical\" href=\"https:\/\/www.artep.hu\/en\/egyedi-tervezesu-ajandekok-karacsonyra\/\" \/>\n<meta property=\"og:locale\" content=\"en_US\" \/>\n<meta property=\"og:type\" content=\"article\" \/>\n<meta property=\"og:title\" content=\"Egyedi tervez\u00e9s\u0171 aj\u00e1nd\u00e9kok Kar\u00e1csonyra - Artep Graphic Designs\" \/>\n<meta property=\"og:description\" content=\"Ahogy k\u00f6zeledik a kar\u00e1csony, mindannyian azon t\u0171n\u0151d\u00fcnk, mivel lepj\u00fck meg szeretteinket. Az egyedi tervez\u00e9s\u0171 aj\u00e1nd\u00e9kok mindig bev\u00e1lnak!\" \/>\n<meta property=\"og:url\" content=\"https:\/\/www.artep.hu\/en\/egyedi-tervezesu-ajandekok-karacsonyra\/\" \/>\n<meta property=\"og:site_name\" content=\"Artep Graphic Designs\" \/>\n<meta property=\"article:published_time\" content=\"2023-12-02T18:54:59+00:00\" \/>\n<meta property=\"article:modified_time\" content=\"2025-04-29T10:25:12+00:00\" \/>\n<meta property=\"og:image\" content=\"https:\/\/www.artep.hu\/wp-content\/uploads\/2023\/12\/egyedi-ajandek.jpg\" \/>\n\t<meta property=\"og:image:width\" content=\"1920\" \/>\n\t<meta property=\"og:image:height\" content=\"1080\" \/>\n\t<meta property=\"og:image:type\" content=\"image\/jpeg\" \/>\n<meta name=\"author\" content=\"K\u00f6teles Petra\" \/>\n<meta name=\"twitter:card\" content=\"summary_large_image\" \/>\n<meta name=\"twitter:label1\" content=\"Written by\" \/>\n\t<meta name=\"twitter:data1\" content=\"K\u00f6teles Petra\" \/>\n\t<meta name=\"twitter:label2\" content=\"Est. reading time\" \/>\n\t<meta name=\"twitter:data2\" content=\"3 minutes\" \/>\n<script type=\"application\/ld+json\" class=\"yoast-schema-graph\">{\"@context\":\"https:\\\/\\\/schema.org\",\"@graph\":[{\"@type\":\"Article\",\"@id\":\"https:\\\/\\\/www.artep.hu\\\/egyedi-tervezesu-ajandekok-karacsonyra\\\/#article\",\"isPartOf\":{\"@id\":\"https:\\\/\\\/www.artep.hu\\\/egyedi-tervezesu-ajandekok-karacsonyra\\\/\"},\"author\":{\"name\":\"K\u00f6teles Petra\",\"@id\":\"https:\\\/\\\/www.artep.hu\\\/#\\\/schema\\\/person\\\/f4ff1eca2b9fb73f9a5dce3a46f9e34b\"},\"headline\":\"Egyedi tervez\u00e9s\u0171 aj\u00e1nd\u00e9kok Kar\u00e1csonyra\",\"datePublished\":\"2023-12-02T18:54:59+00:00\",\"dateModified\":\"2025-04-29T10:25:12+00:00\",\"mainEntityOfPage\":{\"@id\":\"https:\\\/\\\/www.artep.hu\\\/egyedi-tervezesu-ajandekok-karacsonyra\\\/\"},\"wordCount\":516,\"publisher\":{\"@id\":\"https:\\\/\\\/www.artep.hu\\\/#\\\/schema\\\/person\\\/f4ff1eca2b9fb73f9a5dce3a46f9e34b\"},\"image\":{\"@id\":\"https:\\\/\\\/www.artep.hu\\\/egyedi-tervezesu-ajandekok-karacsonyra\\\/#primaryimage\"},\"thumbnailUrl\":\"https:\\\/\\\/www.artep.hu\\\/wp-content\\\/uploads\\\/2023\\\/12\\\/egyedi-ajandek.jpg\",\"keywords\":[\"egyedi tervez\u00e9s\u0171 b\u00f6gr\u00e9k\",\"egyedi tervez\u00e9s\u0171 kar\u00e1csonyi aj\u00e1nd\u00e9k\",\"egyedi tervez\u00e9s\u0171 k\u00f6nyvjelz\u0151k\",\"egyedi tervez\u00e9s\u0171 telefontokok\",\"egyedi tervez\u00e9s\u0171 v\u00e1szont\u00e1sk\u00e1k\",\"kar\u00e1csonyi aj\u00e1nd\u00e9k\"],\"articleSection\":[\"Blog\"],\"inLanguage\":\"en-US\"},{\"@type\":\"WebPage\",\"@id\":\"https:\\\/\\\/www.artep.hu\\\/egyedi-tervezesu-ajandekok-karacsonyra\\\/\",\"url\":\"https:\\\/\\\/www.artep.hu\\\/egyedi-tervezesu-ajandekok-karacsonyra\\\/\",\"name\":\"Egyedi tervez\u00e9s\u0171 aj\u00e1nd\u00e9kok Kar\u00e1csonyra - Artep Graphic Designs\",\"isPartOf\":{\"@id\":\"https:\\\/\\\/www.artep.hu\\\/#website\"},\"primaryImageOfPage\":{\"@id\":\"https:\\\/\\\/www.artep.hu\\\/egyedi-tervezesu-ajandekok-karacsonyra\\\/#primaryimage\"},\"image\":{\"@id\":\"https:\\\/\\\/www.artep.hu\\\/egyedi-tervezesu-ajandekok-karacsonyra\\\/#primaryimage\"},\"thumbnailUrl\":\"https:\\\/\\\/www.artep.hu\\\/wp-content\\\/uploads\\\/2023\\\/12\\\/egyedi-ajandek.jpg\",\"datePublished\":\"2023-12-02T18:54:59+00:00\",\"dateModified\":\"2025-04-29T10:25:12+00:00\",\"description\":\"Ahogy k\u00f6zeledik a kar\u00e1csony, mindannyian azon t\u0171n\u0151d\u00fcnk, mivel lepj\u00fck meg szeretteinket. Az egyedi tervez\u00e9s\u0171 aj\u00e1nd\u00e9kok mindig bev\u00e1lnak!\",\"breadcrumb\":{\"@id\":\"https:\\\/\\\/www.artep.hu\\\/egyedi-tervezesu-ajandekok-karacsonyra\\\/#breadcrumb\"},\"inLanguage\":\"en-US\",\"potentialAction\":[{\"@type\":\"ReadAction\",\"target\":[\"https:\\\/\\\/www.artep.hu\\\/egyedi-tervezesu-ajandekok-karacsonyra\\\/\"]}]},{\"@type\":\"ImageObject\",\"inLanguage\":\"en-US\",\"@id\":\"https:\\\/\\\/www.artep.hu\\\/egyedi-tervezesu-ajandekok-karacsonyra\\\/#primaryimage\",\"url\":\"https:\\\/\\\/www.artep.hu\\\/wp-content\\\/uploads\\\/2023\\\/12\\\/egyedi-ajandek.jpg\",\"contentUrl\":\"https:\\\/\\\/www.artep.hu\\\/wp-content\\\/uploads\\\/2023\\\/12\\\/egyedi-ajandek.jpg\",\"width\":1920,\"height\":1080,\"caption\":\"egyedi tervez\u00e9s\u0171 kar\u00e1csonyi aj\u00e1nd\u00e9kok\"},{\"@type\":\"BreadcrumbList\",\"@id\":\"https:\\\/\\\/www.artep.hu\\\/egyedi-tervezesu-ajandekok-karacsonyra\\\/#breadcrumb\",\"itemListElement\":[{\"@type\":\"ListItem\",\"position\":1,\"name\":\"Kezd\u0151lap\",\"item\":\"https:\\\/\\\/www.artep.hu\\\/\"},{\"@type\":\"ListItem\",\"position\":2,\"name\":\"Egyedi tervez\u00e9s\u0171 aj\u00e1nd\u00e9kok Kar\u00e1csonyra\"}]},{\"@type\":\"WebSite\",\"@id\":\"https:\\\/\\\/www.artep.hu\\\/#website\",\"url\":\"https:\\\/\\\/www.artep.hu\\\/\",\"name\":\"Artep Graphic Designs\",\"description\":\"\",\"publisher\":{\"@id\":\"https:\\\/\\\/www.artep.hu\\\/#\\\/schema\\\/person\\\/f4ff1eca2b9fb73f9a5dce3a46f9e34b\"},\"potentialAction\":[{\"@type\":\"SearchAction\",\"target\":{\"@type\":\"EntryPoint\",\"urlTemplate\":\"https:\\\/\\\/www.artep.hu\\\/?s={search_term_string}\"},\"query-input\":{\"@type\":\"PropertyValueSpecification\",\"valueRequired\":true,\"valueName\":\"search_term_string\"}}],\"inLanguage\":\"en-US\"},{\"@type\":[\"Person\",\"Organization\"],\"@id\":\"https:\\\/\\\/www.artep.hu\\\/#\\\/schema\\\/person\\\/f4ff1eca2b9fb73f9a5dce3a46f9e34b\",\"name\":\"K\u00f6teles Petra\",\"image\":{\"@type\":\"ImageObject\",\"inLanguage\":\"en-US\",\"@id\":\"https:\\\/\\\/www.artep.hu\\\/wp-content\\\/uploads\\\/2026\\\/01\\\/cropped-ARTEP.png\",\"url\":\"https:\\\/\\\/www.artep.hu\\\/wp-content\\\/uploads\\\/2026\\\/01\\\/cropped-ARTEP.png\",\"contentUrl\":\"https:\\\/\\\/www.artep.hu\\\/wp-content\\\/uploads\\\/2026\\\/01\\\/cropped-ARTEP.png\",\"width\":1999,\"height\":1659,\"caption\":\"K\u00f6teles Petra\"},\"logo\":{\"@id\":\"https:\\\/\\\/www.artep.hu\\\/wp-content\\\/uploads\\\/2026\\\/01\\\/cropped-ARTEP.png\"},\"sameAs\":[\"https:\\\/\\\/www.artep.hu\"],\"url\":\"https:\\\/\\\/www.artep.hu\\\/en\\\/author\\\/phaedracolt\\\/\"}]}<\/script>\n<!-- \/ Yoast SEO plugin. -->","yoast_head_json":{"title":"Egyedi tervez\u00e9s\u0171 aj\u00e1nd\u00e9kok Kar\u00e1csonyra - Artep Graphic Designs","description":"Ahogy k\u00f6zeledik a kar\u00e1csony, mindannyian azon t\u0171n\u0151d\u00fcnk, mivel lepj\u00fck meg szeretteinket. Az egyedi tervez\u00e9s\u0171 aj\u00e1nd\u00e9kok mindig bev\u00e1lnak!","robots":{"index":"index","follow":"follow","max-snippet":"max-snippet:-1","max-image-preview":"max-image-preview:large","max-video-preview":"max-video-preview:-1"},"canonical":"https:\/\/www.artep.hu\/en\/egyedi-tervezesu-ajandekok-karacsonyra\/","og_locale":"en_US","og_type":"article","og_title":"Egyedi tervez\u00e9s\u0171 aj\u00e1nd\u00e9kok Kar\u00e1csonyra - Artep Graphic Designs","og_description":"Ahogy k\u00f6zeledik a kar\u00e1csony, mindannyian azon t\u0171n\u0151d\u00fcnk, mivel lepj\u00fck meg szeretteinket. Az egyedi tervez\u00e9s\u0171 aj\u00e1nd\u00e9kok mindig bev\u00e1lnak!","og_url":"https:\/\/www.artep.hu\/en\/egyedi-tervezesu-ajandekok-karacsonyra\/","og_site_name":"Artep Graphic Designs","article_published_time":"2023-12-02T18:54:59+00:00","article_modified_time":"2025-04-29T10:25:12+00:00","og_image":[{"width":1920,"height":1080,"url":"https:\/\/www.artep.hu\/wp-content\/uploads\/2023\/12\/egyedi-ajandek.jpg","type":"image\/jpeg"}],"author":"K\u00f6teles Petra","twitter_card":"summary_large_image","twitter_misc":{"Written by":"K\u00f6teles Petra","Est. reading time":"3 minutes"},"schema":{"@context":"https:\/\/schema.org","@graph":[{"@type":"Article","@id":"https:\/\/www.artep.hu\/egyedi-tervezesu-ajandekok-karacsonyra\/#article","isPartOf":{"@id":"https:\/\/www.artep.hu\/egyedi-tervezesu-ajandekok-karacsonyra\/"},"author":{"name":"K\u00f6teles Petra","@id":"https:\/\/www.artep.hu\/#\/schema\/person\/f4ff1eca2b9fb73f9a5dce3a46f9e34b"},"headline":"Egyedi tervez\u00e9s\u0171 aj\u00e1nd\u00e9kok Kar\u00e1csonyra","datePublished":"2023-12-02T18:54:59+00:00","dateModified":"2025-04-29T10:25:12+00:00","mainEntityOfPage":{"@id":"https:\/\/www.artep.hu\/egyedi-tervezesu-ajandekok-karacsonyra\/"},"wordCount":516,"publisher":{"@id":"https:\/\/www.artep.hu\/#\/schema\/person\/f4ff1eca2b9fb73f9a5dce3a46f9e34b"},"image":{"@id":"https:\/\/www.artep.hu\/egyedi-tervezesu-ajandekok-karacsonyra\/#primaryimage"},"thumbnailUrl":"https:\/\/www.artep.hu\/wp-content\/uploads\/2023\/12\/egyedi-ajandek.jpg","keywords":["egyedi tervez\u00e9s\u0171 b\u00f6gr\u00e9k","egyedi tervez\u00e9s\u0171 kar\u00e1csonyi aj\u00e1nd\u00e9k","egyedi tervez\u00e9s\u0171 k\u00f6nyvjelz\u0151k","egyedi tervez\u00e9s\u0171 telefontokok","egyedi tervez\u00e9s\u0171 v\u00e1szont\u00e1sk\u00e1k","kar\u00e1csonyi aj\u00e1nd\u00e9k"],"articleSection":["Blog"],"inLanguage":"en-US"},{"@type":"WebPage","@id":"https:\/\/www.artep.hu\/egyedi-tervezesu-ajandekok-karacsonyra\/","url":"https:\/\/www.artep.hu\/egyedi-tervezesu-ajandekok-karacsonyra\/","name":"Egyedi tervez\u00e9s\u0171 aj\u00e1nd\u00e9kok Kar\u00e1csonyra - Artep Graphic Designs","isPartOf":{"@id":"https:\/\/www.artep.hu\/#website"},"primaryImageOfPage":{"@id":"https:\/\/www.artep.hu\/egyedi-tervezesu-ajandekok-karacsonyra\/#primaryimage"},"image":{"@id":"https:\/\/www.artep.hu\/egyedi-tervezesu-ajandekok-karacsonyra\/#primaryimage"},"thumbnailUrl":"https:\/\/www.artep.hu\/wp-content\/uploads\/2023\/12\/egyedi-ajandek.jpg","datePublished":"2023-12-02T18:54:59+00:00","dateModified":"2025-04-29T10:25:12+00:00","description":"Ahogy k\u00f6zeledik a kar\u00e1csony, mindannyian azon t\u0171n\u0151d\u00fcnk, mivel lepj\u00fck meg szeretteinket. Az egyedi tervez\u00e9s\u0171 aj\u00e1nd\u00e9kok mindig bev\u00e1lnak!","breadcrumb":{"@id":"https:\/\/www.artep.hu\/egyedi-tervezesu-ajandekok-karacsonyra\/#breadcrumb"},"inLanguage":"en-US","potentialAction":[{"@type":"ReadAction","target":["https:\/\/www.artep.hu\/egyedi-tervezesu-ajandekok-karacsonyra\/"]}]},{"@type":"ImageObject","inLanguage":"en-US","@id":"https:\/\/www.artep.hu\/egyedi-tervezesu-ajandekok-karacsonyra\/#primaryimage","url":"https:\/\/www.artep.hu\/wp-content\/uploads\/2023\/12\/egyedi-ajandek.jpg","contentUrl":"https:\/\/www.artep.hu\/wp-content\/uploads\/2023\/12\/egyedi-ajandek.jpg","width":1920,"height":1080,"caption":"egyedi tervez\u00e9s\u0171 kar\u00e1csonyi aj\u00e1nd\u00e9kok"},{"@type":"BreadcrumbList","@id":"https:\/\/www.artep.hu\/egyedi-tervezesu-ajandekok-karacsonyra\/#breadcrumb","itemListElement":[{"@type":"ListItem","position":1,"name":"Kezd\u0151lap","item":"https:\/\/www.artep.hu\/"},{"@type":"ListItem","position":2,"name":"Egyedi tervez\u00e9s\u0171 aj\u00e1nd\u00e9kok Kar\u00e1csonyra"}]},{"@type":"WebSite","@id":"https:\/\/www.artep.hu\/#website","url":"https:\/\/www.artep.hu\/","name":"Artep Graphic Designs","description":"","publisher":{"@id":"https:\/\/www.artep.hu\/#\/schema\/person\/f4ff1eca2b9fb73f9a5dce3a46f9e34b"},"potentialAction":[{"@type":"SearchAction","target":{"@type":"EntryPoint","urlTemplate":"https:\/\/www.artep.hu\/?s={search_term_string}"},"query-input":{"@type":"PropertyValueSpecification","valueRequired":true,"valueName":"search_term_string"}}],"inLanguage":"en-US"},{"@type":["Person","Organization"],"@id":"https:\/\/www.artep.hu\/#\/schema\/person\/f4ff1eca2b9fb73f9a5dce3a46f9e34b","name":"K\u00f6teles Petra","image":{"@type":"ImageObject","inLanguage":"en-US","@id":"https:\/\/www.artep.hu\/wp-content\/uploads\/2026\/01\/cropped-ARTEP.png","url":"https:\/\/www.artep.hu\/wp-content\/uploads\/2026\/01\/cropped-ARTEP.png","contentUrl":"https:\/\/www.artep.hu\/wp-content\/uploads\/2026\/01\/cropped-ARTEP.png","width":1999,"height":1659,"caption":"K\u00f6teles Petra"},"logo":{"@id":"https:\/\/www.artep.hu\/wp-content\/uploads\/2026\/01\/cropped-ARTEP.png"},"sameAs":["https:\/\/www.artep.hu"],"url":"https:\/\/www.artep.hu\/en\/author\/phaedracolt\/"}]}},"_links":{"self":[{"href":"https:\/\/www.artep.hu\/en\/wp-json\/wp\/v2\/posts\/1096","targetHints":{"allow":["GET"]}}],"collection":[{"href":"https:\/\/www.artep.hu\/en\/wp-json\/wp\/v2\/posts"}],"about":[{"href":"https:\/\/www.artep.hu\/en\/wp-json\/wp\/v2\/types\/post"}],"author":[{"embeddable":true,"href":"https:\/\/www.artep.hu\/en\/wp-json\/wp\/v2\/users\/1"}],"replies":[{"embeddable":true,"href":"https:\/\/www.artep.hu\/en\/wp-json\/wp\/v2\/comments?post=1096"}],"version-history":[{"count":9,"href":"https:\/\/www.artep.hu\/en\/wp-json\/wp\/v2\/posts\/1096\/revisions"}],"predecessor-version":[{"id":1267,"href":"https:\/\/www.artep.hu\/en\/wp-json\/wp\/v2\/posts\/1096\/revisions\/1267"}],"wp:featuredmedia":[{"embeddable":true,"href":"https:\/\/www.artep.hu\/en\/wp-json\/wp\/v2\/media\/1105"}],"wp:attachment":[{"href":"https:\/\/www.artep.hu\/en\/wp-json\/wp\/v2\/media?parent=1096"}],"wp:term":[{"taxonomy":"category","embeddable":true,"href":"https:\/\/www.artep.hu\/en\/wp-json\/wp\/v2\/categories?post=1096"},{"taxonomy":"post_tag","embeddable":true,"href":"https:\/\/www.artep.hu\/en\/wp-json\/wp\/v2\/tags?post=1096"}],"curies":[{"name":"wp","href":"https:\/\/api.w.org\/{rel}","templated":true}]}}