{"id":1198,"date":"2025-01-07T13:34:17","date_gmt":"2025-01-07T12:34:17","guid":{"rendered":"https:\/\/www.artep.hu\/?p=1198"},"modified":"2025-01-07T13:49:05","modified_gmt":"2025-01-07T12:49:05","slug":"2025-os-grafikai-trendek","status":"publish","type":"post","link":"https:\/\/www.artep.hu\/en\/2025-os-grafikai-trendek\/","title":{"rendered":"2025 Graphic Design Trends"},"content":{"rendered":"<h2 class=\"wp-block-heading\" style=\"font-size:21px\">In 2025, exciting new directions are emerging in the world of graphic design. These trends not only enrich the visual experience but also offer opportunities to elevate our creativity to new heights. Let's explore the latest graphic design trends together and discover how we can apply them to our own projects!<\/h2>\n\n\n\n<div style=\"height:30px\" aria-hidden=\"true\" class=\"wp-block-spacer\"><\/div>\n\n\n\n<figure class=\"wp-block-image size-large\"><img fetchpriority=\"high\" decoding=\"async\" width=\"1024\" height=\"576\" src=\"https:\/\/www.artep.hu\/wp-content\/uploads\/2025\/01\/Custom-Shape-Cropped-Photos2-1024x576.png\" alt=\"\" class=\"wp-image-1199\" srcset=\"https:\/\/www.artep.hu\/wp-content\/uploads\/2025\/01\/Custom-Shape-Cropped-Photos2-1024x576.png 1024w, https:\/\/www.artep.hu\/wp-content\/uploads\/2025\/01\/Custom-Shape-Cropped-Photos2-300x169.png 300w, https:\/\/www.artep.hu\/wp-content\/uploads\/2025\/01\/Custom-Shape-Cropped-Photos2-768x432.png 768w, https:\/\/www.artep.hu\/wp-content\/uploads\/2025\/01\/Custom-Shape-Cropped-Photos2-18x10.png 18w, https:\/\/www.artep.hu\/wp-content\/uploads\/2025\/01\/Custom-Shape-Cropped-Photos2.png 1200w\" sizes=\"(max-width: 1024px) 100vw, 1024px\" \/><\/figure>\n\n\n\n<div style=\"height:30px\" aria-hidden=\"true\" class=\"wp-block-spacer\"><\/div>\n\n\n\n<h2 class=\"wp-block-heading\" style=\"font-size:21px\">1. Integrating Artificial Intelligence into Design<\/h2>\n\n\n\n<p>Artificial Intelligence (AI) has been revolutionizing graphic design for some time now. AI-based tools, such as image generators, allow us to create stunning visual content more quickly and efficiently. While some are wary of AI, viewing it as a threat, I believe it's essential to treat these tools as creative partners rather than replacements for the design process or human input.<\/p>\n\n\n\n<div style=\"height:20px\" aria-hidden=\"true\" class=\"wp-block-spacer\"><\/div>\n\n\n\n<figure class=\"wp-block-image aligncenter size-large\"><img decoding=\"async\" width=\"819\" height=\"1024\" src=\"https:\/\/www.artep.hu\/wp-content\/uploads\/2025\/01\/ai-powered-design-819x1024.png\" alt=\"\" class=\"wp-image-1200\" srcset=\"https:\/\/www.artep.hu\/wp-content\/uploads\/2025\/01\/ai-powered-design-819x1024.png 819w, https:\/\/www.artep.hu\/wp-content\/uploads\/2025\/01\/ai-powered-design-240x300.png 240w, https:\/\/www.artep.hu\/wp-content\/uploads\/2025\/01\/ai-powered-design-768x960.png 768w, https:\/\/www.artep.hu\/wp-content\/uploads\/2025\/01\/ai-powered-design-10x12.png 10w, https:\/\/www.artep.hu\/wp-content\/uploads\/2025\/01\/ai-powered-design.png 1200w\" sizes=\"(max-width: 819px) 100vw, 819px\" \/><\/figure>\n\n\n\n<div style=\"height:40px\" aria-hidden=\"true\" class=\"wp-block-spacer\"><\/div>\n\n\n\n<h2 class=\"wp-block-heading\" style=\"font-size:21px\">Textured Grains \u2013 The \"Grain Effect\"<\/h2>\n\n\n\n<p>Previously, simple and minimal backgrounds were trendy: gradient-free designs, strict typography, and clean edges. This year, the film grain effect has emerged. It's more than just an Instagram filter. It makes flat 2D digital art more tangible. These textures add depth and character to designs while maintaining a modern appearance.\u200b<\/p>\n\n\n\n<p>This trend works excellently on posters, flyers, and social media graphics alike.<\/p>\n\n\n\n<figure class=\"wp-block-image aligncenter size-large\"><img decoding=\"async\" width=\"1024\" height=\"677\" src=\"https:\/\/www.artep.hu\/wp-content\/uploads\/2025\/01\/textured-grain-1024x677.png\" alt=\"\" class=\"wp-image-1201\" srcset=\"https:\/\/www.artep.hu\/wp-content\/uploads\/2025\/01\/textured-grain-1024x677.png 1024w, https:\/\/www.artep.hu\/wp-content\/uploads\/2025\/01\/textured-grain-300x198.png 300w, https:\/\/www.artep.hu\/wp-content\/uploads\/2025\/01\/textured-grain-768x508.png 768w, https:\/\/www.artep.hu\/wp-content\/uploads\/2025\/01\/textured-grain-18x12.png 18w, https:\/\/www.artep.hu\/wp-content\/uploads\/2025\/01\/textured-grain.png 1200w\" sizes=\"(max-width: 1024px) 100vw, 1024px\" \/><\/figure>\n\n\n\n<div style=\"height:41px\" aria-hidden=\"true\" class=\"wp-block-spacer\"><\/div>\n\n\n\n<h2 class=\"wp-block-heading\" style=\"font-size:21px\">3. Unusual Color Combinations<\/h2>\n\n\n\n<p>This year, it's worth breaking the rules and experimenting with bold and unexpected color pairings. Using vibrant and contrasting colors provides a dynamic and attention-grabbing visual experience that stands out from the crowd. These colors radiate energy and vitality, adding a new dimension to creativity.\u200b<\/p>\n\n\n\n<p>This trend is effective for logos, both offline and online materials. It's a perfect choice for modern and bold businesses targeting a younger audience.<\/p>\n\n\n\n<figure class=\"wp-block-image aligncenter size-large\"><img loading=\"lazy\" decoding=\"async\" width=\"1024\" height=\"602\" src=\"https:\/\/www.artep.hu\/wp-content\/uploads\/2025\/01\/furcsa-szinkombinaciok-1024x602.png\" alt=\"\" class=\"wp-image-1202\" srcset=\"https:\/\/www.artep.hu\/wp-content\/uploads\/2025\/01\/furcsa-szinkombinaciok-1024x602.png 1024w, https:\/\/www.artep.hu\/wp-content\/uploads\/2025\/01\/furcsa-szinkombinaciok-300x176.png 300w, https:\/\/www.artep.hu\/wp-content\/uploads\/2025\/01\/furcsa-szinkombinaciok-768x451.png 768w, https:\/\/www.artep.hu\/wp-content\/uploads\/2025\/01\/furcsa-szinkombinaciok-18x12.png 18w, https:\/\/www.artep.hu\/wp-content\/uploads\/2025\/01\/furcsa-szinkombinaciok.png 1200w\" sizes=\"(max-width: 1024px) 100vw, 1024px\" \/><\/figure>\n\n\n\n<div style=\"height:40px\" aria-hidden=\"true\" class=\"wp-block-spacer\"><\/div>\n\n\n\n<h2 class=\"wp-block-heading\" style=\"font-size:21px\">4. Bold Minimalism<\/h2>\n\n\n\n<p>When it comes to modern design, bold minimalism is key! Powerful, full-page, clean fonts, strong color palettes, and less concern for \"white spaces\" or empty areas. It's an excellent choice for promoting products and packaging.<\/p>\n\n\n\n<p>If you're daring and want to shout your brand to the world, this style is for you! You can build a superb visual identity around it, and it certainly won't go unnoticed.<\/p>\n\n\n\n<figure class=\"wp-block-image aligncenter size-large\"><img loading=\"lazy\" decoding=\"async\" width=\"1024\" height=\"1024\" src=\"https:\/\/www.artep.hu\/wp-content\/uploads\/2025\/01\/meresz-minimalizmus-1024x1024.png\" alt=\"\" class=\"wp-image-1203\" srcset=\"https:\/\/www.artep.hu\/wp-content\/uploads\/2025\/01\/meresz-minimalizmus-1024x1024.png 1024w, https:\/\/www.artep.hu\/wp-content\/uploads\/2025\/01\/meresz-minimalizmus-300x300.png 300w, https:\/\/www.artep.hu\/wp-content\/uploads\/2025\/01\/meresz-minimalizmus-150x150.png 150w, https:\/\/www.artep.hu\/wp-content\/uploads\/2025\/01\/meresz-minimalizmus-768x769.png 768w, https:\/\/www.artep.hu\/wp-content\/uploads\/2025\/01\/meresz-minimalizmus-12x12.png 12w, https:\/\/www.artep.hu\/wp-content\/uploads\/2025\/01\/meresz-minimalizmus.png 1200w\" sizes=\"(max-width: 1024px) 100vw, 1024px\" \/><\/figure>\n\n\n\n<div style=\"height:41px\" aria-hidden=\"true\" class=\"wp-block-spacer\"><\/div>\n\n\n\n<h2 class=\"wp-block-heading\" style=\"font-size:21px\">5. Custom-Shaped Photo Cropping<\/h2>\n\n\n\n<p>Instead of traditional rectangular images, cropping photos into unique shapes that align with the brand's identity is becoming more common. This technique brings playfulness and creativity to design while strengthening visual identity. It's not a new trend, but it seems to be gaining more attention in 2025.<\/p>\n\n\n\n<p>It's actually one of my personal favorites, especially for social media posts, as seen in my portfolio. But it also looks great on billboards, flyers, and banners. <a href=\"https:\/\/www.artep.hu\/en\/portfolio\/\">portf\u00f3li\u00f3mban<\/a> is l\u00e1tszik. \ud83d\ude00 De \u00f3ri\u00e1splak\u00e1tokon, sz\u00f3r\u00f3lapokon, bannereken is nagyon mutat\u00f3s. <\/p>\n\n\n\n<figure class=\"wp-block-image aligncenter size-large\"><img loading=\"lazy\" decoding=\"async\" width=\"1024\" height=\"393\" src=\"https:\/\/www.artep.hu\/wp-content\/uploads\/2025\/01\/Custom-Shape-Cropped-Photos-1024x393.png\" alt=\"\" class=\"wp-image-1204\" srcset=\"https:\/\/www.artep.hu\/wp-content\/uploads\/2025\/01\/Custom-Shape-Cropped-Photos-1024x393.png 1024w, https:\/\/www.artep.hu\/wp-content\/uploads\/2025\/01\/Custom-Shape-Cropped-Photos-300x115.png 300w, https:\/\/www.artep.hu\/wp-content\/uploads\/2025\/01\/Custom-Shape-Cropped-Photos-768x295.png 768w, https:\/\/www.artep.hu\/wp-content\/uploads\/2025\/01\/Custom-Shape-Cropped-Photos-18x7.png 18w, https:\/\/www.artep.hu\/wp-content\/uploads\/2025\/01\/Custom-Shape-Cropped-Photos.png 1200w\" sizes=\"(max-width: 1024px) 100vw, 1024px\" \/><\/figure>\n\n\n\n<div style=\"height:40px\" aria-hidden=\"true\" class=\"wp-block-spacer\"><\/div>\n\n\n\n<h2 class=\"wp-block-heading\" style=\"font-size:21px\">6. Retro Serif Branding<\/h2>\n\n\n\n<p>Classic serif fonts are making a comeback, lending an elegant and timeless look to designs. These fonts convey reliability and professionalism while creating a nostalgic atmosphere. Of course, this alone isn't enough; a retro color palette complements the font.\u200b<\/p>\n\n\n\n<p>If your goal is to evoke a nostalgic mood in your branding, this trend is ideal. It looks great on gourmet food and handmade product packaging, wedding invitations, and other promotional materials.<\/p>\n\n\n\n<figure class=\"wp-block-image aligncenter size-large\"><img loading=\"lazy\" decoding=\"async\" width=\"1024\" height=\"703\" src=\"https:\/\/www.artep.hu\/wp-content\/uploads\/2025\/01\/retro-serif-1024x703.png\" alt=\"\" class=\"wp-image-1205\" srcset=\"https:\/\/www.artep.hu\/wp-content\/uploads\/2025\/01\/retro-serif-1024x703.png 1024w, https:\/\/www.artep.hu\/wp-content\/uploads\/2025\/01\/retro-serif-300x206.png 300w, https:\/\/www.artep.hu\/wp-content\/uploads\/2025\/01\/retro-serif-768x527.png 768w, https:\/\/www.artep.hu\/wp-content\/uploads\/2025\/01\/retro-serif-18x12.png 18w, https:\/\/www.artep.hu\/wp-content\/uploads\/2025\/01\/retro-serif.png 1200w\" sizes=\"(max-width: 1024px) 100vw, 1024px\" \/><\/figure>\n\n\n\n<div style=\"height:40px\" aria-hidden=\"true\" class=\"wp-block-spacer\"><\/div>\n\n\n\n<h2 class=\"wp-block-heading\" style=\"font-size:21px\">7. Modern Gothic Emblems<\/h2>\n\n\n\n<p>Modern gothic-style emblems provide brands with an elegant and sophisticated appearance. These design elements symbolize the meeting of tradition and modernity, giving visual communication a unique character. They're excellent for building trust, as they convey expertise, timelessness, and reliability.<\/p>\n\n\n\n<p>Recommended for restaurants, caf\u00e9s, and also a perfect choice for packaging or labeling handcrafted products.<\/p>\n\n\n\n<figure class=\"wp-block-image aligncenter size-large\"><img loading=\"lazy\" decoding=\"async\" width=\"1024\" height=\"372\" src=\"https:\/\/www.artep.hu\/wp-content\/uploads\/2025\/01\/Modern-Gothic-Badges-1024x372.png\" alt=\"\" class=\"wp-image-1206\" srcset=\"https:\/\/www.artep.hu\/wp-content\/uploads\/2025\/01\/Modern-Gothic-Badges-1024x372.png 1024w, https:\/\/www.artep.hu\/wp-content\/uploads\/2025\/01\/Modern-Gothic-Badges-300x109.png 300w, https:\/\/www.artep.hu\/wp-content\/uploads\/2025\/01\/Modern-Gothic-Badges-768x279.png 768w, https:\/\/www.artep.hu\/wp-content\/uploads\/2025\/01\/Modern-Gothic-Badges-18x7.png 18w, https:\/\/www.artep.hu\/wp-content\/uploads\/2025\/01\/Modern-Gothic-Badges.png 1200w\" sizes=\"(max-width: 1024px) 100vw, 1024px\" \/><\/figure>\n\n\n\n<div style=\"height:41px\" aria-hidden=\"true\" class=\"wp-block-spacer\"><\/div>\n\n\n\n<h2 class=\"wp-block-heading\" style=\"font-size:21px\">8. Maximalist Illustrations<\/h2>\n\n\n\n<p>While bold minimalism avoids frills and focuses on the essentials, maximalism is excessive, colorful, intense, and may seem overwhelming at first glance. There's no free space on the \"canvas\"; every inch is filled with patterns, characters, and objects.<\/p>\n\n\n\n<p>It can be used for online games, magazine covers, festival and party promotions, and if applied to social media posts, it will undoubtedly stand out from the crowd!<\/p>\n\n\n\n<figure class=\"wp-block-image aligncenter size-large\"><img loading=\"lazy\" decoding=\"async\" width=\"799\" height=\"1024\" src=\"https:\/\/www.artep.hu\/wp-content\/uploads\/2025\/01\/maximalizmus-799x1024.png\" alt=\"\" class=\"wp-image-1207\" srcset=\"https:\/\/www.artep.hu\/wp-content\/uploads\/2025\/01\/maximalizmus-799x1024.png 799w, https:\/\/www.artep.hu\/wp-content\/uploads\/2025\/01\/maximalizmus-234x300.png 234w, https:\/\/www.artep.hu\/wp-content\/uploads\/2025\/01\/maximalizmus-768x984.png 768w, https:\/\/www.artep.hu\/wp-content\/uploads\/2025\/01\/maximalizmus-9x12.png 9w, https:\/\/www.artep.hu\/wp-content\/uploads\/2025\/01\/maximalizmus.png 1200w\" sizes=\"(max-width: 799px) 100vw, 799px\" \/><\/figure>\n\n\n\n<div style=\"height:40px\" aria-hidden=\"true\" class=\"wp-block-spacer\"><\/div>\n\n\n\n<h2 class=\"wp-block-heading\" style=\"font-size:21px\">9. Pixel Fonts and Branding<\/h2>\n\n\n\n<p>Pixels often bring to mind \"poor quality.\" However, pixelation has now been reimagined as a trend. Naturally, we need to move beyond the image of pixelated photos in our minds, as this trend can be used in various ways and across many sectors.<\/p>\n\n\n\n<p>It's an excellent choice for IT companies and modern businesses operating in the digital world, whether for logos or online-offline materials.<\/p>\n\n\n\n<figure class=\"wp-block-image aligncenter size-large\"><img loading=\"lazy\" decoding=\"async\" width=\"1024\" height=\"880\" src=\"https:\/\/www.artep.hu\/wp-content\/uploads\/2025\/01\/Pixelated-Fonts-Branding-1024x880.png\" alt=\"\" class=\"wp-image-1208\" srcset=\"https:\/\/www.artep.hu\/wp-content\/uploads\/2025\/01\/Pixelated-Fonts-Branding-1024x880.png 1024w, https:\/\/www.artep.hu\/wp-content\/uploads\/2025\/01\/Pixelated-Fonts-Branding-300x258.png 300w, https:\/\/www.artep.hu\/wp-content\/uploads\/2025\/01\/Pixelated-Fonts-Branding-768x660.png 768w, https:\/\/www.artep.hu\/wp-content\/uploads\/2025\/01\/Pixelated-Fonts-Branding-14x12.png 14w, https:\/\/www.artep.hu\/wp-content\/uploads\/2025\/01\/Pixelated-Fonts-Branding.png 1200w\" sizes=\"(max-width: 1024px) 100vw, 1024px\" \/><\/figure>\n\n\n\n<div style=\"height:41px\" aria-hidden=\"true\" class=\"wp-block-spacer\"><\/div>\n\n\n\n<h2 class=\"wp-block-heading\" style=\"font-size:21px\">In Conclusion<\/h2>\n\n\n\n<p>These trends offer exciting opportunities, and everyone is sure to find a direction that best suits their personality or business style. After all, the essence of design is self-expression and connection! \ud83d\ude0a\u200b\n\nInterested in what Pantone has chosen as the color of 2025? Then click here! \ud83d\ude0a<\/p>\n\n\n\n<p>Interested in what Pantone has chosen as the color of 2025? Then click<a class=\"ek-link\" href=\"https:\/\/www.facebook.com\/photo?fbid=840795671390048&amp;set=a.519644963505122\"> <\/a><a href=\"https:\/\/www.facebook.com\/photo\/?fbid=1105859221550357&amp;set=a.519644963505122&amp;notif_id=1734715699212876&amp;notif_t=feedback_reaction_generic&amp;ref=notif\" target=\"_blank\" rel=\"noreferrer noopener\">here<\/a>! :))<\/p>\n\n\n\n<p>If you liked any of the new 2025 trends and would like me to design a logo, visual identity, or anything else you need in that style, feel free to <a href=\"https:\/\/www.artep.hu\/en\/kapcsolat\/\">write to me!<\/a>!<\/p>","protected":false},"excerpt":{"rendered":"<p>2025-ben izgalmas, \u00faj ir\u00e1nyzatok bontakoznak ki a grafikai tervez\u00e9s vil\u00e1g\u00e1ban. Ezek a trendek nemcsak a vizu\u00e1lis \u00e9lm\u00e9nyt gazdag\u00edtj\u00e1k, hanem lehet\u0151s\u00e9get adnak a kreativit\u00e1sunk \u00faj szintre emel\u00e9s\u00e9re. Ismerj\u00fck meg egy\u00fctt a legfrissebb grafikai trendeket, \u00e9s fedezz\u00fck fel, hogyan alkalmazhatjuk \u0151ket saj\u00e1t projektjeinkben! 1. A mesters\u00e9ges intelligencia integr\u00e1ci\u00f3ja a tervez\u00e9sben A mesters\u00e9ges intelligencia (MI) t\u00e9rnyer\u00e9se m\u00e1r egy [&hellip;]<\/p>\n","protected":false},"author":1,"featured_media":1199,"comment_status":"closed","ping_status":"open","sticky":false,"template":"","format":"standard","meta":{"_editorskit_title_hidden":false,"_editorskit_reading_time":0,"_editorskit_is_block_options_detached":false,"_editorskit_block_options_position":"{}","site-sidebar-layout":"default","site-content-layout":"","ast-site-content-layout":"","site-content-style":"default","site-sidebar-style":"default","ast-global-header-display":"","ast-banner-title-visibility":"","ast-main-header-display":"","ast-hfb-above-header-display":"","ast-hfb-below-header-display":"","ast-hfb-mobile-header-display":"","site-post-title":"","ast-breadcrumbs-content":"","ast-featured-img":"disabled","footer-sml-layout":"","theme-transparent-header-meta":"","adv-header-id-meta":"","stick-header-meta":"","header-above-stick-meta":"","header-main-stick-meta":"","header-below-stick-meta":"","astra-migrate-meta-layouts":"default","ast-page-background-enabled":"default","ast-page-background-meta":{"desktop":{"background-color":"","background-image":"","background-repeat":"repeat","background-position":"center center","background-size":"auto","background-attachment":"scroll","background-type":"","background-media":"","overlay-type":"","overlay-color":"","overlay-opacity":"","overlay-gradient":""},"tablet":{"background-color":"","background-image":"","background-repeat":"repeat","background-position":"center center","background-size":"auto","background-attachment":"scroll","background-type":"","background-media":"","overlay-type":"","overlay-color":"","overlay-opacity":"","overlay-gradient":""},"mobile":{"background-color":"","background-image":"","background-repeat":"repeat","background-position":"center center","background-size":"auto","background-attachment":"scroll","background-type":"","background-media":"","overlay-type":"","overlay-color":"","overlay-opacity":"","overlay-gradient":""}},"ast-content-background-meta":{"desktop":{"background-color":"var(--ast-global-color-5)","background-image":"","background-repeat":"repeat","background-position":"center center","background-size":"auto","background-attachment":"scroll","background-type":"","background-media":"","overlay-type":"","overlay-color":"","overlay-opacity":"","overlay-gradient":""},"tablet":{"background-color":"var(--ast-global-color-5)","background-image":"","background-repeat":"repeat","background-position":"center center","background-size":"auto","background-attachment":"scroll","background-type":"","background-media":"","overlay-type":"","overlay-color":"","overlay-opacity":"","overlay-gradient":""},"mobile":{"background-color":"var(--ast-global-color-5)","background-image":"","background-repeat":"repeat","background-position":"center center","background-size":"auto","background-attachment":"scroll","background-type":"","background-media":"","overlay-type":"","overlay-color":"","overlay-opacity":"","overlay-gradient":""}},"footnotes":""},"categories":[8],"tags":[225,19,124,226,13,15,227],"class_list":["post-1198","post","type-post","status-publish","format-standard","has-post-thumbnail","hentry","category-blog","tag-2025-os-grafikai-trendek","tag-arculat","tag-grafikai-trendek","tag-grafikai-trendek-2025","tag-logo","tag-marketing","tag-pantone-2025"],"yoast_head":"<!-- This site is optimized with the Yoast SEO plugin v27.5 - https:\/\/yoast.com\/product\/yoast-seo-wordpress\/ -->\n<title>2025-\u00f6s grafikai trendek - Artep Graphic Designs<\/title>\n<meta name=\"description\" content=\"2025-\u00f6s grafikai trendek izgalmas, kreat\u00edv lehet\u0151s\u00e9geket biztos\u00edtanak mindenki sz\u00e1m\u00e1ra, hogy a diz\u00e1jn-j\u00e1t\u00e9kban az \u00e9lre t\u00f6rj\u00f6n.\" \/>\n<meta name=\"robots\" content=\"index, follow, max-snippet:-1, max-image-preview:large, max-video-preview:-1\" \/>\n<link rel=\"canonical\" href=\"https:\/\/www.artep.hu\/en\/2025-os-grafikai-trendek\/\" \/>\n<meta property=\"og:locale\" content=\"en_US\" \/>\n<meta property=\"og:type\" content=\"article\" \/>\n<meta property=\"og:title\" content=\"2025-\u00f6s grafikai trendek - Artep Graphic Designs\" \/>\n<meta property=\"og:description\" content=\"2025-\u00f6s grafikai trendek izgalmas, kreat\u00edv lehet\u0151s\u00e9geket biztos\u00edtanak mindenki sz\u00e1m\u00e1ra, hogy a diz\u00e1jn-j\u00e1t\u00e9kban az \u00e9lre t\u00f6rj\u00f6n.\" \/>\n<meta property=\"og:url\" content=\"https:\/\/www.artep.hu\/en\/2025-os-grafikai-trendek\/\" \/>\n<meta property=\"og:site_name\" content=\"Artep Graphic Designs\" \/>\n<meta property=\"article:published_time\" content=\"2025-01-07T12:34:17+00:00\" \/>\n<meta property=\"article:modified_time\" content=\"2025-01-07T12:49:05+00:00\" \/>\n<meta property=\"og:image\" content=\"https:\/\/www.artep.hu\/wp-content\/uploads\/2025\/01\/Custom-Shape-Cropped-Photos2.png\" \/>\n\t<meta property=\"og:image:width\" content=\"1200\" \/>\n\t<meta property=\"og:image:height\" content=\"675\" \/>\n\t<meta property=\"og:image:type\" content=\"image\/png\" \/>\n<meta name=\"author\" content=\"K\u00f6teles Petra\" \/>\n<meta name=\"twitter:card\" content=\"summary_large_image\" \/>\n<meta name=\"twitter:label1\" content=\"Written by\" \/>\n\t<meta name=\"twitter:data1\" content=\"K\u00f6teles Petra\" \/>\n\t<meta name=\"twitter:label2\" content=\"Est. reading time\" \/>\n\t<meta name=\"twitter:data2\" content=\"6 minutes\" \/>\n<script type=\"application\/ld+json\" class=\"yoast-schema-graph\">{\"@context\":\"https:\\\/\\\/schema.org\",\"@graph\":[{\"@type\":\"Article\",\"@id\":\"https:\\\/\\\/www.artep.hu\\\/2025-os-grafikai-trendek\\\/#article\",\"isPartOf\":{\"@id\":\"https:\\\/\\\/www.artep.hu\\\/2025-os-grafikai-trendek\\\/\"},\"author\":{\"name\":\"K\u00f6teles Petra\",\"@id\":\"https:\\\/\\\/www.artep.hu\\\/#\\\/schema\\\/person\\\/f4ff1eca2b9fb73f9a5dce3a46f9e34b\"},\"headline\":\"2025-\u00f6s grafikai trendek\",\"datePublished\":\"2025-01-07T12:34:17+00:00\",\"dateModified\":\"2025-01-07T12:49:05+00:00\",\"mainEntityOfPage\":{\"@id\":\"https:\\\/\\\/www.artep.hu\\\/2025-os-grafikai-trendek\\\/\"},\"wordCount\":1040,\"publisher\":{\"@id\":\"https:\\\/\\\/www.artep.hu\\\/#\\\/schema\\\/person\\\/f4ff1eca2b9fb73f9a5dce3a46f9e34b\"},\"image\":{\"@id\":\"https:\\\/\\\/www.artep.hu\\\/2025-os-grafikai-trendek\\\/#primaryimage\"},\"thumbnailUrl\":\"https:\\\/\\\/www.artep.hu\\\/wp-content\\\/uploads\\\/2025\\\/01\\\/Custom-Shape-Cropped-Photos2.png\",\"keywords\":[\"2025-\u00f6s grafikai trendek\",\"arculat\",\"grafikai trendek\",\"grafikai trendek 2025\",\"log\u00f3\",\"marketing\",\"pantone 2025\"],\"articleSection\":[\"Blog\"],\"inLanguage\":\"en-US\"},{\"@type\":\"WebPage\",\"@id\":\"https:\\\/\\\/www.artep.hu\\\/2025-os-grafikai-trendek\\\/\",\"url\":\"https:\\\/\\\/www.artep.hu\\\/2025-os-grafikai-trendek\\\/\",\"name\":\"2025-\u00f6s grafikai trendek - Artep Graphic Designs\",\"isPartOf\":{\"@id\":\"https:\\\/\\\/www.artep.hu\\\/#website\"},\"primaryImageOfPage\":{\"@id\":\"https:\\\/\\\/www.artep.hu\\\/2025-os-grafikai-trendek\\\/#primaryimage\"},\"image\":{\"@id\":\"https:\\\/\\\/www.artep.hu\\\/2025-os-grafikai-trendek\\\/#primaryimage\"},\"thumbnailUrl\":\"https:\\\/\\\/www.artep.hu\\\/wp-content\\\/uploads\\\/2025\\\/01\\\/Custom-Shape-Cropped-Photos2.png\",\"datePublished\":\"2025-01-07T12:34:17+00:00\",\"dateModified\":\"2025-01-07T12:49:05+00:00\",\"description\":\"2025-\u00f6s grafikai trendek izgalmas, kreat\u00edv lehet\u0151s\u00e9geket biztos\u00edtanak mindenki sz\u00e1m\u00e1ra, hogy a diz\u00e1jn-j\u00e1t\u00e9kban az \u00e9lre t\u00f6rj\u00f6n.\",\"breadcrumb\":{\"@id\":\"https:\\\/\\\/www.artep.hu\\\/2025-os-grafikai-trendek\\\/#breadcrumb\"},\"inLanguage\":\"en-US\",\"potentialAction\":[{\"@type\":\"ReadAction\",\"target\":[\"https:\\\/\\\/www.artep.hu\\\/2025-os-grafikai-trendek\\\/\"]}]},{\"@type\":\"ImageObject\",\"inLanguage\":\"en-US\",\"@id\":\"https:\\\/\\\/www.artep.hu\\\/2025-os-grafikai-trendek\\\/#primaryimage\",\"url\":\"https:\\\/\\\/www.artep.hu\\\/wp-content\\\/uploads\\\/2025\\\/01\\\/Custom-Shape-Cropped-Photos2.png\",\"contentUrl\":\"https:\\\/\\\/www.artep.hu\\\/wp-content\\\/uploads\\\/2025\\\/01\\\/Custom-Shape-Cropped-Photos2.png\",\"width\":1200,\"height\":675},{\"@type\":\"BreadcrumbList\",\"@id\":\"https:\\\/\\\/www.artep.hu\\\/2025-os-grafikai-trendek\\\/#breadcrumb\",\"itemListElement\":[{\"@type\":\"ListItem\",\"position\":1,\"name\":\"Kezd\u0151lap\",\"item\":\"https:\\\/\\\/www.artep.hu\\\/\"},{\"@type\":\"ListItem\",\"position\":2,\"name\":\"2025-\u00f6s grafikai trendek\"}]},{\"@type\":\"WebSite\",\"@id\":\"https:\\\/\\\/www.artep.hu\\\/#website\",\"url\":\"https:\\\/\\\/www.artep.hu\\\/\",\"name\":\"Artep Graphic Designs\",\"description\":\"\",\"publisher\":{\"@id\":\"https:\\\/\\\/www.artep.hu\\\/#\\\/schema\\\/person\\\/f4ff1eca2b9fb73f9a5dce3a46f9e34b\"},\"potentialAction\":[{\"@type\":\"SearchAction\",\"target\":{\"@type\":\"EntryPoint\",\"urlTemplate\":\"https:\\\/\\\/www.artep.hu\\\/?s={search_term_string}\"},\"query-input\":{\"@type\":\"PropertyValueSpecification\",\"valueRequired\":true,\"valueName\":\"search_term_string\"}}],\"inLanguage\":\"en-US\"},{\"@type\":[\"Person\",\"Organization\"],\"@id\":\"https:\\\/\\\/www.artep.hu\\\/#\\\/schema\\\/person\\\/f4ff1eca2b9fb73f9a5dce3a46f9e34b\",\"name\":\"K\u00f6teles Petra\",\"image\":{\"@type\":\"ImageObject\",\"inLanguage\":\"en-US\",\"@id\":\"https:\\\/\\\/www.artep.hu\\\/wp-content\\\/uploads\\\/2026\\\/01\\\/cropped-ARTEP.png\",\"url\":\"https:\\\/\\\/www.artep.hu\\\/wp-content\\\/uploads\\\/2026\\\/01\\\/cropped-ARTEP.png\",\"contentUrl\":\"https:\\\/\\\/www.artep.hu\\\/wp-content\\\/uploads\\\/2026\\\/01\\\/cropped-ARTEP.png\",\"width\":1999,\"height\":1659,\"caption\":\"K\u00f6teles Petra\"},\"logo\":{\"@id\":\"https:\\\/\\\/www.artep.hu\\\/wp-content\\\/uploads\\\/2026\\\/01\\\/cropped-ARTEP.png\"},\"sameAs\":[\"https:\\\/\\\/www.artep.hu\"],\"url\":\"https:\\\/\\\/www.artep.hu\\\/en\\\/author\\\/phaedracolt\\\/\"}]}<\/script>\n<!-- \/ Yoast SEO plugin. -->","yoast_head_json":{"title":"2025-\u00f6s grafikai trendek - Artep Graphic Designs","description":"2025-\u00f6s grafikai trendek izgalmas, kreat\u00edv lehet\u0151s\u00e9geket biztos\u00edtanak mindenki sz\u00e1m\u00e1ra, hogy a diz\u00e1jn-j\u00e1t\u00e9kban az \u00e9lre t\u00f6rj\u00f6n.","robots":{"index":"index","follow":"follow","max-snippet":"max-snippet:-1","max-image-preview":"max-image-preview:large","max-video-preview":"max-video-preview:-1"},"canonical":"https:\/\/www.artep.hu\/en\/2025-os-grafikai-trendek\/","og_locale":"en_US","og_type":"article","og_title":"2025-\u00f6s grafikai trendek - Artep Graphic Designs","og_description":"2025-\u00f6s grafikai trendek izgalmas, kreat\u00edv lehet\u0151s\u00e9geket biztos\u00edtanak mindenki sz\u00e1m\u00e1ra, hogy a diz\u00e1jn-j\u00e1t\u00e9kban az \u00e9lre t\u00f6rj\u00f6n.","og_url":"https:\/\/www.artep.hu\/en\/2025-os-grafikai-trendek\/","og_site_name":"Artep Graphic Designs","article_published_time":"2025-01-07T12:34:17+00:00","article_modified_time":"2025-01-07T12:49:05+00:00","og_image":[{"width":1200,"height":675,"url":"https:\/\/www.artep.hu\/wp-content\/uploads\/2025\/01\/Custom-Shape-Cropped-Photos2.png","type":"image\/png"}],"author":"K\u00f6teles Petra","twitter_card":"summary_large_image","twitter_misc":{"Written by":"K\u00f6teles Petra","Est. reading time":"6 minutes"},"schema":{"@context":"https:\/\/schema.org","@graph":[{"@type":"Article","@id":"https:\/\/www.artep.hu\/2025-os-grafikai-trendek\/#article","isPartOf":{"@id":"https:\/\/www.artep.hu\/2025-os-grafikai-trendek\/"},"author":{"name":"K\u00f6teles Petra","@id":"https:\/\/www.artep.hu\/#\/schema\/person\/f4ff1eca2b9fb73f9a5dce3a46f9e34b"},"headline":"2025-\u00f6s grafikai trendek","datePublished":"2025-01-07T12:34:17+00:00","dateModified":"2025-01-07T12:49:05+00:00","mainEntityOfPage":{"@id":"https:\/\/www.artep.hu\/2025-os-grafikai-trendek\/"},"wordCount":1040,"publisher":{"@id":"https:\/\/www.artep.hu\/#\/schema\/person\/f4ff1eca2b9fb73f9a5dce3a46f9e34b"},"image":{"@id":"https:\/\/www.artep.hu\/2025-os-grafikai-trendek\/#primaryimage"},"thumbnailUrl":"https:\/\/www.artep.hu\/wp-content\/uploads\/2025\/01\/Custom-Shape-Cropped-Photos2.png","keywords":["2025-\u00f6s grafikai trendek","arculat","grafikai trendek","grafikai trendek 2025","log\u00f3","marketing","pantone 2025"],"articleSection":["Blog"],"inLanguage":"en-US"},{"@type":"WebPage","@id":"https:\/\/www.artep.hu\/2025-os-grafikai-trendek\/","url":"https:\/\/www.artep.hu\/2025-os-grafikai-trendek\/","name":"2025-\u00f6s grafikai trendek - Artep Graphic Designs","isPartOf":{"@id":"https:\/\/www.artep.hu\/#website"},"primaryImageOfPage":{"@id":"https:\/\/www.artep.hu\/2025-os-grafikai-trendek\/#primaryimage"},"image":{"@id":"https:\/\/www.artep.hu\/2025-os-grafikai-trendek\/#primaryimage"},"thumbnailUrl":"https:\/\/www.artep.hu\/wp-content\/uploads\/2025\/01\/Custom-Shape-Cropped-Photos2.png","datePublished":"2025-01-07T12:34:17+00:00","dateModified":"2025-01-07T12:49:05+00:00","description":"2025-\u00f6s grafikai trendek izgalmas, kreat\u00edv lehet\u0151s\u00e9geket biztos\u00edtanak mindenki sz\u00e1m\u00e1ra, hogy a diz\u00e1jn-j\u00e1t\u00e9kban az \u00e9lre t\u00f6rj\u00f6n.","breadcrumb":{"@id":"https:\/\/www.artep.hu\/2025-os-grafikai-trendek\/#breadcrumb"},"inLanguage":"en-US","potentialAction":[{"@type":"ReadAction","target":["https:\/\/www.artep.hu\/2025-os-grafikai-trendek\/"]}]},{"@type":"ImageObject","inLanguage":"en-US","@id":"https:\/\/www.artep.hu\/2025-os-grafikai-trendek\/#primaryimage","url":"https:\/\/www.artep.hu\/wp-content\/uploads\/2025\/01\/Custom-Shape-Cropped-Photos2.png","contentUrl":"https:\/\/www.artep.hu\/wp-content\/uploads\/2025\/01\/Custom-Shape-Cropped-Photos2.png","width":1200,"height":675},{"@type":"BreadcrumbList","@id":"https:\/\/www.artep.hu\/2025-os-grafikai-trendek\/#breadcrumb","itemListElement":[{"@type":"ListItem","position":1,"name":"Kezd\u0151lap","item":"https:\/\/www.artep.hu\/"},{"@type":"ListItem","position":2,"name":"2025-\u00f6s grafikai trendek"}]},{"@type":"WebSite","@id":"https:\/\/www.artep.hu\/#website","url":"https:\/\/www.artep.hu\/","name":"Artep Graphic Designs","description":"","publisher":{"@id":"https:\/\/www.artep.hu\/#\/schema\/person\/f4ff1eca2b9fb73f9a5dce3a46f9e34b"},"potentialAction":[{"@type":"SearchAction","target":{"@type":"EntryPoint","urlTemplate":"https:\/\/www.artep.hu\/?s={search_term_string}"},"query-input":{"@type":"PropertyValueSpecification","valueRequired":true,"valueName":"search_term_string"}}],"inLanguage":"en-US"},{"@type":["Person","Organization"],"@id":"https:\/\/www.artep.hu\/#\/schema\/person\/f4ff1eca2b9fb73f9a5dce3a46f9e34b","name":"K\u00f6teles Petra","image":{"@type":"ImageObject","inLanguage":"en-US","@id":"https:\/\/www.artep.hu\/wp-content\/uploads\/2026\/01\/cropped-ARTEP.png","url":"https:\/\/www.artep.hu\/wp-content\/uploads\/2026\/01\/cropped-ARTEP.png","contentUrl":"https:\/\/www.artep.hu\/wp-content\/uploads\/2026\/01\/cropped-ARTEP.png","width":1999,"height":1659,"caption":"K\u00f6teles Petra"},"logo":{"@id":"https:\/\/www.artep.hu\/wp-content\/uploads\/2026\/01\/cropped-ARTEP.png"},"sameAs":["https:\/\/www.artep.hu"],"url":"https:\/\/www.artep.hu\/en\/author\/phaedracolt\/"}]}},"_links":{"self":[{"href":"https:\/\/www.artep.hu\/en\/wp-json\/wp\/v2\/posts\/1198","targetHints":{"allow":["GET"]}}],"collection":[{"href":"https:\/\/www.artep.hu\/en\/wp-json\/wp\/v2\/posts"}],"about":[{"href":"https:\/\/www.artep.hu\/en\/wp-json\/wp\/v2\/types\/post"}],"author":[{"embeddable":true,"href":"https:\/\/www.artep.hu\/en\/wp-json\/wp\/v2\/users\/1"}],"replies":[{"embeddable":true,"href":"https:\/\/www.artep.hu\/en\/wp-json\/wp\/v2\/comments?post=1198"}],"version-history":[{"count":6,"href":"https:\/\/www.artep.hu\/en\/wp-json\/wp\/v2\/posts\/1198\/revisions"}],"predecessor-version":[{"id":1215,"href":"https:\/\/www.artep.hu\/en\/wp-json\/wp\/v2\/posts\/1198\/revisions\/1215"}],"wp:featuredmedia":[{"embeddable":true,"href":"https:\/\/www.artep.hu\/en\/wp-json\/wp\/v2\/media\/1199"}],"wp:attachment":[{"href":"https:\/\/www.artep.hu\/en\/wp-json\/wp\/v2\/media?parent=1198"}],"wp:term":[{"taxonomy":"category","embeddable":true,"href":"https:\/\/www.artep.hu\/en\/wp-json\/wp\/v2\/categories?post=1198"},{"taxonomy":"post_tag","embeddable":true,"href":"https:\/\/www.artep.hu\/en\/wp-json\/wp\/v2\/tags?post=1198"}],"curies":[{"name":"wp","href":"https:\/\/api.w.org\/{rel}","templated":true}]}}