{"id":1217,"date":"2025-01-16T14:46:08","date_gmt":"2025-01-16T13:46:08","guid":{"rendered":"https:\/\/www.artep.hu\/?p=1217"},"modified":"2025-04-28T17:41:56","modified_gmt":"2025-04-28T15:41:56","slug":"mesterseges-intelligencia","status":"publish","type":"post","link":"https:\/\/www.artep.hu\/en\/mesterseges-intelligencia\/","title":{"rendered":"Will Artificial Intelligence Take Our Jobs?"},"content":{"rendered":"<h2 class=\"wp-block-heading\" style=\"font-size:21px\">The world is changing rapidly, and technologies that seemed unimaginable just a few years ago are now at the forefront. Artificial intelligence (AI) is already having a significant impact on the creative industry, assisting designers in various areas. Many believe that AI doesn't replace graphic designers but rather complements their creativity. Others, however, are apprehensive...<\/h2>\n\n\n\n<p class=\"has-ast-global-color-2-color has-text-color has-link-color wp-elements-ebd469947b1869395bda6aae5cd9339e\">Let's explore how AI is shaping the lives of designers and why I believe the role of creative professionals remains crucial.<\/p>\n\n\n\n<div style=\"height:30px\" aria-hidden=\"true\" class=\"wp-block-spacer\"><\/div>\n\n\n\n<figure class=\"wp-block-image size-large\"><img fetchpriority=\"high\" decoding=\"async\" width=\"1024\" height=\"683\" src=\"https:\/\/www.artep.hu\/wp-content\/uploads\/2025\/01\/MI2-1024x683.jpg\" alt=\"\" class=\"wp-image-1218\" srcset=\"https:\/\/www.artep.hu\/wp-content\/uploads\/2025\/01\/MI2-1024x683.jpg 1024w, https:\/\/www.artep.hu\/wp-content\/uploads\/2025\/01\/MI2-300x200.jpg 300w, https:\/\/www.artep.hu\/wp-content\/uploads\/2025\/01\/MI2-768x512.jpg 768w, https:\/\/www.artep.hu\/wp-content\/uploads\/2025\/01\/MI2-1536x1024.jpg 1536w, https:\/\/www.artep.hu\/wp-content\/uploads\/2025\/01\/MI2-2048x1365.jpg 2048w, https:\/\/www.artep.hu\/wp-content\/uploads\/2025\/01\/MI2-18x12.jpg 18w\" sizes=\"(max-width: 1024px) 100vw, 1024px\" \/><\/figure>\n\n\n\n<div style=\"height:30px\" aria-hidden=\"true\" class=\"wp-block-spacer\"><\/div>\n\n\n\n<h2 class=\"wp-block-heading\" style=\"font-size:21px\">AI in Design: Tool or Rival?<\/h2>\n\n\n\n<p class=\"has-ast-global-color-2-color has-text-color has-link-color wp-elements-9dbc6a0fb0f3248f3a0602175a1b9e0e\">AI manifests in various forms within graphic design. Tools like Canva, DALL\u00b7E, ChatGPT, and MidJourney enable anyone, even without a professional background, to create impressive visual content. However, this doesn't render creative professionals obsolete. AI functions more as a tool that accelerates the design process and frees designers from more monotonous tasks. For instance, AI can assist in:<\/p>\n\n\n\n<ul class=\"wp-block-list\">\n<li class=\"has-ast-global-color-2-color has-text-color has-link-color wp-elements-fcea5c2d46095ccdfe20cb965394a54c\">Automatically generating color palettes.<\/li>\n\n\n\n<li class=\"has-ast-global-color-2-color has-text-color has-link-color wp-elements-fc817244a98dd9407a7115093663a399\">Proposing compositional suggestions.<\/li>\n\n\n\n<li class=\"has-ast-global-color-2-color has-text-color has-link-color wp-elements-56b8137a66afa4636ef9e7092c0a7153\">Offering ideas for inspiration.<\/li>\n\n\n\n<li class=\"has-ast-global-color-2-color has-text-color has-link-color wp-elements-e98c25b6e27f45a3c3dab6273566c92c\">Harmonizing text and visual elements.<\/li>\n<\/ul>\n\n\n\n<p class=\"has-ast-global-color-2-color has-text-color has-link-color wp-elements-8b8caece26c94820b39e4c562125db13\">These features save time, allowing graphic designers to focus on the creative and strategic aspects.<\/p>\n\n\n\n<div style=\"height:20px\" aria-hidden=\"true\" class=\"wp-block-spacer\"><\/div>\n\n\n\n<figure class=\"wp-block-image aligncenter size-large\"><img decoding=\"async\" width=\"819\" height=\"1024\" src=\"https:\/\/www.artep.hu\/wp-content\/uploads\/2025\/01\/ai-powered-design-819x1024.png\" alt=\"\" class=\"wp-image-1200\" srcset=\"https:\/\/www.artep.hu\/wp-content\/uploads\/2025\/01\/ai-powered-design-819x1024.png 819w, https:\/\/www.artep.hu\/wp-content\/uploads\/2025\/01\/ai-powered-design-240x300.png 240w, https:\/\/www.artep.hu\/wp-content\/uploads\/2025\/01\/ai-powered-design-768x960.png 768w, https:\/\/www.artep.hu\/wp-content\/uploads\/2025\/01\/ai-powered-design-10x12.png 10w, https:\/\/www.artep.hu\/wp-content\/uploads\/2025\/01\/ai-powered-design.png 1200w\" sizes=\"(max-width: 819px) 100vw, 819px\" \/><\/figure>\n\n\n\n<div style=\"height:40px\" aria-hidden=\"true\" class=\"wp-block-spacer\"><\/div>\n\n\n\n<h2 class=\"wp-block-heading\" style=\"font-size:21px\">Creativity as a Human Resource<\/h2>\n\n\n\n<p class=\"has-ast-global-color-2-color has-text-color has-link-color wp-elements-eece0e4dae6debd80f174df7be774998\">While AI can quickly and efficiently produce visual content, human creativity remains indispensable. A machine operates based on algorithms and data patterns, making it incapable of understanding context, empathy, or deeply comprehending a client's needs\u2014essential elements in crafting an impactful brand identity.<\/p>\n\n\n\n<p class=\"has-ast-global-color-2-color has-text-color has-link-color wp-elements-17981069a61e97920c2080017661e03c\">Graphic design is much more than creating beautiful images. A good designer understands the brand's message, the client's goals, and can offer personalized, relevant solutions. AI can aid in inspiration but cannot replace humans in areas such as:<\/p>\n\n\n\n<p class=\"has-ast-global-color-2-color has-text-color has-link-color wp-elements-1c1531b1b36623922808b3bb6c57beaa\"><strong>Relationship Building:<\/strong> Personal interaction with clients, understanding their problems, and brainstorming together requires a human touch.<br><strong>Strategic Thinking:<\/strong> Understanding client objectives and developing visual solutions to achieve them is still better handled by humans.<br><strong>Uniqueness and Innovation:<\/strong> AI relies on existing trends and patterns, whereas human creativity can forge new paths and break new ground.<\/p>\n\n\n\n<h2 class=\"wp-block-heading\" style=\"font-size:21px\">How Can Graphic Designers Leverage AI to Their Advantage?<\/h2>\n\n\n\n<p class=\"has-ast-global-color-2-color has-text-color has-link-color wp-elements-e68e3ad8adf5a7468c93f11e631d76df\">For graphic designers, AI can be an ally rather than a competitor. Professionals who can harness AI's advantages may gain a competitive edge. Here are a few examples of how AI can help:<\/p>\n\n\n\n<p class=\"has-ast-global-color-2-color has-text-color has-link-color wp-elements-2167435578a45be79c630745016f8f53\"><strong>Inspiration:<\/strong> AI-generated ideas and visual examples can spark new concepts that designers can further develop.<br><strong>Faster Iteration:<\/strong> AI-based design programs allow for the rapid creation of multiple versions, enabling clients to choose the best one.<br><strong>Automation:<\/strong> For repetitive tasks like mass-producing banners or social media graphics, AI can save significant time.<\/p>\n\n\n\n<figure class=\"wp-block-image aligncenter size-large\"><img decoding=\"async\" width=\"1024\" height=\"683\" src=\"https:\/\/www.artep.hu\/wp-content\/uploads\/2025\/01\/mi-1024x683.jpg\" alt=\"\" class=\"wp-image-1220\" srcset=\"https:\/\/www.artep.hu\/wp-content\/uploads\/2025\/01\/mi-1024x683.jpg 1024w, https:\/\/www.artep.hu\/wp-content\/uploads\/2025\/01\/mi-300x200.jpg 300w, https:\/\/www.artep.hu\/wp-content\/uploads\/2025\/01\/mi-768x512.jpg 768w, https:\/\/www.artep.hu\/wp-content\/uploads\/2025\/01\/mi-1536x1024.jpg 1536w, https:\/\/www.artep.hu\/wp-content\/uploads\/2025\/01\/mi-2048x1366.jpg 2048w, https:\/\/www.artep.hu\/wp-content\/uploads\/2025\/01\/mi-18x12.jpg 18w\" sizes=\"(max-width: 1024px) 100vw, 1024px\" \/><\/figure>\n\n\n\n<div style=\"height:40px\" aria-hidden=\"true\" class=\"wp-block-spacer\"><\/div>\n\n\n\n<h2 class=\"wp-block-heading\" style=\"font-size:21px\">Ethical Questions and Challenges<\/h2>\n\n\n\n<p class=\"has-ast-global-color-2-color has-text-color has-link-color wp-elements-9148ac46330349f5ce5fd18f57f9dbf1\">However, the rise of AI brings several ethical questions. What happens to copyright when it comes to AI-generated images? How can we ensure that AI-created content doesn't offend cultural sensitivities or contain hidden biases?<\/p>\n\n\n\n<p class=\"has-ast-global-color-2-color has-text-color has-link-color wp-elements-f1c3987fabc9d4e4897cc4e13fcc8601\">Clear answers to these questions have yet to be established, but one thing is certain: human responsibility remains crucial in the design process.<\/p>\n\n\n\n<h2 class=\"wp-block-heading\" style=\"font-size:21px\">The Future: Collaboration Between AI and Humans<\/h2>\n\n\n\n<p class=\"has-ast-global-color-2-color has-text-color has-link-color wp-elements-7dfadc3ac226013c516b6dfdae8b5cec\">The future of graphic design isn't about AI's exclusive dominance but about the collaboration between technology and humans. AI serves as a tool to help designers become more efficient, but true artistry, innovation, and emotional connection still come from the human side.<\/p>\n\n\n\n<p class=\"has-ast-global-color-2-color has-text-color has-link-color wp-elements-917ab2f5c5e82622601d59df1af67ed6\">Therefore, the role of graphic designers doesn't disappear; it evolves. Professionals who can adapt to new technologies will become even more relevant and valuable in the job market.<\/p>\n\n\n\n<p class=\"has-ast-global-color-2-color has-text-color has-link-color wp-elements-0b8e4c3867292bf851db7c7619c56e8e\">Initially, I was hesitant about artificial intelligence, but that has now subsided\u2014at least significantly. Our creativity is what sets us apart from machines, and no algorithm can ever take that away from us. AI enables us to harness this strength in new, exciting ways. Ultimately, AI won't replace us, graphic designers, but will help us work more deeply and creatively, faster. This promises a future where technology and human artistry together redefine the boundaries of graphic design.<\/p>\n\n\n\n<div style=\"height:40px\" aria-hidden=\"true\" class=\"wp-block-spacer\"><\/div>\n\n\n\n<p class=\"has-ast-global-color-2-color has-text-color has-link-color wp-elements-07cdc8b9bc68b71523988fdf4b4a8a30\">If you're curious about what your brand identity would look like with AI's help, write to me! \ud83d\ude0a <a href=\"https:\/\/www.artep.hu\/en\/kapcsolat\/\">email me<\/a>! :))<\/p>","protected":false},"excerpt":{"rendered":"<p>A vil\u00e1g rohamosan v\u00e1ltozik, \u00e9s egyre ink\u00e1bb olyan technol\u00f3gi\u00e1k ker\u00fclnek el\u0151t\u00e9rbe, amelyek n\u00e9h\u00e1ny \u00e9ve m\u00e9g elk\u00e9pzelhetetlenek voltak. A mesters\u00e9ges intelligencia (MI) m\u00e1r most jelent\u0151s hat\u00e1ssal van a kreat\u00edv iparra is, \u00e9s sz\u00e1mos ter\u00fcleten seg\u00edti a tervez\u0151k munk\u00e1j\u00e1t. Sokak szerint az MI nem veszi el a grafikusok munk\u00e1j\u00e1t, hanem kieg\u00e9sz\u00edti a kreativit\u00e1sukat. M\u00e1sok azonban tartanak t\u0151le&#8230; [&hellip;]<\/p>\n","protected":false},"author":1,"featured_media":1218,"comment_status":"closed","ping_status":"open","sticky":false,"template":"","format":"standard","meta":{"_editorskit_title_hidden":false,"_editorskit_reading_time":0,"_editorskit_is_block_options_detached":false,"_editorskit_block_options_position":"{}","site-sidebar-layout":"default","site-content-layout":"","ast-site-content-layout":"default","site-content-style":"default","site-sidebar-style":"default","ast-global-header-display":"","ast-banner-title-visibility":"","ast-main-header-display":"","ast-hfb-above-header-display":"","ast-hfb-below-header-display":"","ast-hfb-mobile-header-display":"","site-post-title":"","ast-breadcrumbs-content":"","ast-featured-img":"disabled","footer-sml-layout":"","theme-transparent-header-meta":"","adv-header-id-meta":"","stick-header-meta":"","header-above-stick-meta":"","header-main-stick-meta":"","header-below-stick-meta":"","astra-migrate-meta-layouts":"set","ast-page-background-enabled":"default","ast-page-background-meta":{"desktop":{"background-color":"","background-image":"","background-repeat":"repeat","background-position":"center center","background-size":"auto","background-attachment":"scroll","background-type":"","background-media":"","overlay-type":"","overlay-color":"","overlay-opacity":"","overlay-gradient":""},"tablet":{"background-color":"","background-image":"","background-repeat":"repeat","background-position":"center center","background-size":"auto","background-attachment":"scroll","background-type":"","background-media":"","overlay-type":"","overlay-color":"","overlay-opacity":"","overlay-gradient":""},"mobile":{"background-color":"","background-image":"","background-repeat":"repeat","background-position":"center center","background-size":"auto","background-attachment":"scroll","background-type":"","background-media":"","overlay-type":"","overlay-color":"","overlay-opacity":"","overlay-gradient":""}},"ast-content-background-meta":{"desktop":{"background-color":"var(--ast-global-color-5)","background-image":"","background-repeat":"repeat","background-position":"center center","background-size":"auto","background-attachment":"scroll","background-type":"","background-media":"","overlay-type":"","overlay-color":"","overlay-opacity":"","overlay-gradient":""},"tablet":{"background-color":"var(--ast-global-color-5)","background-image":"","background-repeat":"repeat","background-position":"center center","background-size":"auto","background-attachment":"scroll","background-type":"","background-media":"","overlay-type":"","overlay-color":"","overlay-opacity":"","overlay-gradient":""},"mobile":{"background-color":"var(--ast-global-color-5)","background-image":"","background-repeat":"repeat","background-position":"center center","background-size":"auto","background-attachment":"scroll","background-type":"","background-media":"","overlay-type":"","overlay-color":"","overlay-opacity":"","overlay-gradient":""}},"footnotes":""},"categories":[8],"tags":[228],"class_list":["post-1217","post","type-post","status-publish","format-standard","has-post-thumbnail","hentry","category-blog","tag-mesterseges-intelligencia"],"yoast_head":"<!-- This site is optimized with the Yoast SEO plugin v27.5 - https:\/\/yoast.com\/product\/yoast-seo-wordpress\/ -->\n<title>A mesters\u00e9ges intelligencia elveszi a munk\u00e1nkat? - Artep Graphic Designs<\/title>\n<meta name=\"description\" content=\"N\u00e9zz\u00fck meg, hogyan form\u00e1lja a mesters\u00e9ges intelligencia a diz\u00e1jn j\u00f6v\u0151j\u00e9t, \u00e9s mi\u00e9rt marad a kreat\u00edv szakemberek szerepe kulcsfontoss\u00e1g\u00fa.\" \/>\n<meta name=\"robots\" content=\"index, follow, max-snippet:-1, max-image-preview:large, max-video-preview:-1\" \/>\n<link rel=\"canonical\" href=\"https:\/\/www.artep.hu\/en\/mesterseges-intelligencia\/\" \/>\n<meta property=\"og:locale\" content=\"en_US\" \/>\n<meta property=\"og:type\" content=\"article\" \/>\n<meta property=\"og:title\" content=\"A mesters\u00e9ges intelligencia elveszi a munk\u00e1nkat? - Artep Graphic Designs\" \/>\n<meta property=\"og:description\" content=\"N\u00e9zz\u00fck meg, hogyan form\u00e1lja a mesters\u00e9ges intelligencia a diz\u00e1jn j\u00f6v\u0151j\u00e9t, \u00e9s mi\u00e9rt marad a kreat\u00edv szakemberek szerepe kulcsfontoss\u00e1g\u00fa.\" \/>\n<meta property=\"og:url\" content=\"https:\/\/www.artep.hu\/en\/mesterseges-intelligencia\/\" \/>\n<meta property=\"og:site_name\" content=\"Artep Graphic Designs\" \/>\n<meta property=\"article:published_time\" content=\"2025-01-16T13:46:08+00:00\" \/>\n<meta property=\"article:modified_time\" content=\"2025-04-28T15:41:56+00:00\" \/>\n<meta property=\"og:image\" content=\"https:\/\/www.artep.hu\/wp-content\/uploads\/2025\/01\/MI2-scaled.jpg\" \/>\n\t<meta property=\"og:image:width\" content=\"2560\" \/>\n\t<meta property=\"og:image:height\" content=\"1707\" \/>\n\t<meta property=\"og:image:type\" content=\"image\/jpeg\" \/>\n<meta name=\"author\" content=\"K\u00f6teles Petra\" \/>\n<meta name=\"twitter:card\" content=\"summary_large_image\" \/>\n<meta name=\"twitter:label1\" content=\"Written by\" \/>\n\t<meta name=\"twitter:data1\" content=\"K\u00f6teles Petra\" \/>\n\t<meta name=\"twitter:label2\" content=\"Est. reading time\" \/>\n\t<meta name=\"twitter:data2\" content=\"5 minutes\" \/>\n<script type=\"application\/ld+json\" class=\"yoast-schema-graph\">{\"@context\":\"https:\\\/\\\/schema.org\",\"@graph\":[{\"@type\":\"Article\",\"@id\":\"https:\\\/\\\/www.artep.hu\\\/mesterseges-intelligencia\\\/#article\",\"isPartOf\":{\"@id\":\"https:\\\/\\\/www.artep.hu\\\/mesterseges-intelligencia\\\/\"},\"author\":{\"name\":\"K\u00f6teles Petra\",\"@id\":\"https:\\\/\\\/www.artep.hu\\\/#\\\/schema\\\/person\\\/f4ff1eca2b9fb73f9a5dce3a46f9e34b\"},\"headline\":\"A mesters\u00e9ges intelligencia elveszi a munk\u00e1nkat?\",\"datePublished\":\"2025-01-16T13:46:08+00:00\",\"dateModified\":\"2025-04-28T15:41:56+00:00\",\"mainEntityOfPage\":{\"@id\":\"https:\\\/\\\/www.artep.hu\\\/mesterseges-intelligencia\\\/\"},\"wordCount\":1048,\"publisher\":{\"@id\":\"https:\\\/\\\/www.artep.hu\\\/#\\\/schema\\\/person\\\/f4ff1eca2b9fb73f9a5dce3a46f9e34b\"},\"image\":{\"@id\":\"https:\\\/\\\/www.artep.hu\\\/mesterseges-intelligencia\\\/#primaryimage\"},\"thumbnailUrl\":\"https:\\\/\\\/www.artep.hu\\\/wp-content\\\/uploads\\\/2025\\\/01\\\/MI2-scaled.jpg\",\"keywords\":[\"mesters\u00e9ges intelligencia\"],\"articleSection\":[\"Blog\"],\"inLanguage\":\"en-US\"},{\"@type\":\"WebPage\",\"@id\":\"https:\\\/\\\/www.artep.hu\\\/mesterseges-intelligencia\\\/\",\"url\":\"https:\\\/\\\/www.artep.hu\\\/mesterseges-intelligencia\\\/\",\"name\":\"A mesters\u00e9ges intelligencia elveszi a munk\u00e1nkat? - Artep Graphic Designs\",\"isPartOf\":{\"@id\":\"https:\\\/\\\/www.artep.hu\\\/#website\"},\"primaryImageOfPage\":{\"@id\":\"https:\\\/\\\/www.artep.hu\\\/mesterseges-intelligencia\\\/#primaryimage\"},\"image\":{\"@id\":\"https:\\\/\\\/www.artep.hu\\\/mesterseges-intelligencia\\\/#primaryimage\"},\"thumbnailUrl\":\"https:\\\/\\\/www.artep.hu\\\/wp-content\\\/uploads\\\/2025\\\/01\\\/MI2-scaled.jpg\",\"datePublished\":\"2025-01-16T13:46:08+00:00\",\"dateModified\":\"2025-04-28T15:41:56+00:00\",\"description\":\"N\u00e9zz\u00fck meg, hogyan form\u00e1lja a mesters\u00e9ges intelligencia a diz\u00e1jn j\u00f6v\u0151j\u00e9t, \u00e9s mi\u00e9rt marad a kreat\u00edv szakemberek szerepe kulcsfontoss\u00e1g\u00fa.\",\"breadcrumb\":{\"@id\":\"https:\\\/\\\/www.artep.hu\\\/mesterseges-intelligencia\\\/#breadcrumb\"},\"inLanguage\":\"en-US\",\"potentialAction\":[{\"@type\":\"ReadAction\",\"target\":[\"https:\\\/\\\/www.artep.hu\\\/mesterseges-intelligencia\\\/\"]}]},{\"@type\":\"ImageObject\",\"inLanguage\":\"en-US\",\"@id\":\"https:\\\/\\\/www.artep.hu\\\/mesterseges-intelligencia\\\/#primaryimage\",\"url\":\"https:\\\/\\\/www.artep.hu\\\/wp-content\\\/uploads\\\/2025\\\/01\\\/MI2-scaled.jpg\",\"contentUrl\":\"https:\\\/\\\/www.artep.hu\\\/wp-content\\\/uploads\\\/2025\\\/01\\\/MI2-scaled.jpg\",\"width\":2560,\"height\":1707,\"caption\":\"mesters\u00e9ges intelligencia\"},{\"@type\":\"BreadcrumbList\",\"@id\":\"https:\\\/\\\/www.artep.hu\\\/mesterseges-intelligencia\\\/#breadcrumb\",\"itemListElement\":[{\"@type\":\"ListItem\",\"position\":1,\"name\":\"Kezd\u0151lap\",\"item\":\"https:\\\/\\\/www.artep.hu\\\/\"},{\"@type\":\"ListItem\",\"position\":2,\"name\":\"A mesters\u00e9ges intelligencia elveszi a munk\u00e1nkat?\"}]},{\"@type\":\"WebSite\",\"@id\":\"https:\\\/\\\/www.artep.hu\\\/#website\",\"url\":\"https:\\\/\\\/www.artep.hu\\\/\",\"name\":\"Artep Graphic Designs\",\"description\":\"\",\"publisher\":{\"@id\":\"https:\\\/\\\/www.artep.hu\\\/#\\\/schema\\\/person\\\/f4ff1eca2b9fb73f9a5dce3a46f9e34b\"},\"potentialAction\":[{\"@type\":\"SearchAction\",\"target\":{\"@type\":\"EntryPoint\",\"urlTemplate\":\"https:\\\/\\\/www.artep.hu\\\/?s={search_term_string}\"},\"query-input\":{\"@type\":\"PropertyValueSpecification\",\"valueRequired\":true,\"valueName\":\"search_term_string\"}}],\"inLanguage\":\"en-US\"},{\"@type\":[\"Person\",\"Organization\"],\"@id\":\"https:\\\/\\\/www.artep.hu\\\/#\\\/schema\\\/person\\\/f4ff1eca2b9fb73f9a5dce3a46f9e34b\",\"name\":\"K\u00f6teles Petra\",\"image\":{\"@type\":\"ImageObject\",\"inLanguage\":\"en-US\",\"@id\":\"https:\\\/\\\/www.artep.hu\\\/wp-content\\\/uploads\\\/2026\\\/01\\\/cropped-ARTEP.png\",\"url\":\"https:\\\/\\\/www.artep.hu\\\/wp-content\\\/uploads\\\/2026\\\/01\\\/cropped-ARTEP.png\",\"contentUrl\":\"https:\\\/\\\/www.artep.hu\\\/wp-content\\\/uploads\\\/2026\\\/01\\\/cropped-ARTEP.png\",\"width\":1999,\"height\":1659,\"caption\":\"K\u00f6teles Petra\"},\"logo\":{\"@id\":\"https:\\\/\\\/www.artep.hu\\\/wp-content\\\/uploads\\\/2026\\\/01\\\/cropped-ARTEP.png\"},\"sameAs\":[\"https:\\\/\\\/www.artep.hu\"],\"url\":\"https:\\\/\\\/www.artep.hu\\\/en\\\/author\\\/phaedracolt\\\/\"}]}<\/script>\n<!-- \/ Yoast SEO plugin. -->","yoast_head_json":{"title":"A mesters\u00e9ges intelligencia elveszi a munk\u00e1nkat? - Artep Graphic Designs","description":"N\u00e9zz\u00fck meg, hogyan form\u00e1lja a mesters\u00e9ges intelligencia a diz\u00e1jn j\u00f6v\u0151j\u00e9t, \u00e9s mi\u00e9rt marad a kreat\u00edv szakemberek szerepe kulcsfontoss\u00e1g\u00fa.","robots":{"index":"index","follow":"follow","max-snippet":"max-snippet:-1","max-image-preview":"max-image-preview:large","max-video-preview":"max-video-preview:-1"},"canonical":"https:\/\/www.artep.hu\/en\/mesterseges-intelligencia\/","og_locale":"en_US","og_type":"article","og_title":"A mesters\u00e9ges intelligencia elveszi a munk\u00e1nkat? - Artep Graphic Designs","og_description":"N\u00e9zz\u00fck meg, hogyan form\u00e1lja a mesters\u00e9ges intelligencia a diz\u00e1jn j\u00f6v\u0151j\u00e9t, \u00e9s mi\u00e9rt marad a kreat\u00edv szakemberek szerepe kulcsfontoss\u00e1g\u00fa.","og_url":"https:\/\/www.artep.hu\/en\/mesterseges-intelligencia\/","og_site_name":"Artep Graphic Designs","article_published_time":"2025-01-16T13:46:08+00:00","article_modified_time":"2025-04-28T15:41:56+00:00","og_image":[{"width":2560,"height":1707,"url":"https:\/\/www.artep.hu\/wp-content\/uploads\/2025\/01\/MI2-scaled.jpg","type":"image\/jpeg"}],"author":"K\u00f6teles Petra","twitter_card":"summary_large_image","twitter_misc":{"Written by":"K\u00f6teles Petra","Est. reading time":"5 minutes"},"schema":{"@context":"https:\/\/schema.org","@graph":[{"@type":"Article","@id":"https:\/\/www.artep.hu\/mesterseges-intelligencia\/#article","isPartOf":{"@id":"https:\/\/www.artep.hu\/mesterseges-intelligencia\/"},"author":{"name":"K\u00f6teles Petra","@id":"https:\/\/www.artep.hu\/#\/schema\/person\/f4ff1eca2b9fb73f9a5dce3a46f9e34b"},"headline":"A mesters\u00e9ges intelligencia elveszi a munk\u00e1nkat?","datePublished":"2025-01-16T13:46:08+00:00","dateModified":"2025-04-28T15:41:56+00:00","mainEntityOfPage":{"@id":"https:\/\/www.artep.hu\/mesterseges-intelligencia\/"},"wordCount":1048,"publisher":{"@id":"https:\/\/www.artep.hu\/#\/schema\/person\/f4ff1eca2b9fb73f9a5dce3a46f9e34b"},"image":{"@id":"https:\/\/www.artep.hu\/mesterseges-intelligencia\/#primaryimage"},"thumbnailUrl":"https:\/\/www.artep.hu\/wp-content\/uploads\/2025\/01\/MI2-scaled.jpg","keywords":["mesters\u00e9ges intelligencia"],"articleSection":["Blog"],"inLanguage":"en-US"},{"@type":"WebPage","@id":"https:\/\/www.artep.hu\/mesterseges-intelligencia\/","url":"https:\/\/www.artep.hu\/mesterseges-intelligencia\/","name":"A mesters\u00e9ges intelligencia elveszi a munk\u00e1nkat? - Artep Graphic Designs","isPartOf":{"@id":"https:\/\/www.artep.hu\/#website"},"primaryImageOfPage":{"@id":"https:\/\/www.artep.hu\/mesterseges-intelligencia\/#primaryimage"},"image":{"@id":"https:\/\/www.artep.hu\/mesterseges-intelligencia\/#primaryimage"},"thumbnailUrl":"https:\/\/www.artep.hu\/wp-content\/uploads\/2025\/01\/MI2-scaled.jpg","datePublished":"2025-01-16T13:46:08+00:00","dateModified":"2025-04-28T15:41:56+00:00","description":"N\u00e9zz\u00fck meg, hogyan form\u00e1lja a mesters\u00e9ges intelligencia a diz\u00e1jn j\u00f6v\u0151j\u00e9t, \u00e9s mi\u00e9rt marad a kreat\u00edv szakemberek szerepe kulcsfontoss\u00e1g\u00fa.","breadcrumb":{"@id":"https:\/\/www.artep.hu\/mesterseges-intelligencia\/#breadcrumb"},"inLanguage":"en-US","potentialAction":[{"@type":"ReadAction","target":["https:\/\/www.artep.hu\/mesterseges-intelligencia\/"]}]},{"@type":"ImageObject","inLanguage":"en-US","@id":"https:\/\/www.artep.hu\/mesterseges-intelligencia\/#primaryimage","url":"https:\/\/www.artep.hu\/wp-content\/uploads\/2025\/01\/MI2-scaled.jpg","contentUrl":"https:\/\/www.artep.hu\/wp-content\/uploads\/2025\/01\/MI2-scaled.jpg","width":2560,"height":1707,"caption":"mesters\u00e9ges intelligencia"},{"@type":"BreadcrumbList","@id":"https:\/\/www.artep.hu\/mesterseges-intelligencia\/#breadcrumb","itemListElement":[{"@type":"ListItem","position":1,"name":"Kezd\u0151lap","item":"https:\/\/www.artep.hu\/"},{"@type":"ListItem","position":2,"name":"A mesters\u00e9ges intelligencia elveszi a munk\u00e1nkat?"}]},{"@type":"WebSite","@id":"https:\/\/www.artep.hu\/#website","url":"https:\/\/www.artep.hu\/","name":"Artep Graphic Designs","description":"","publisher":{"@id":"https:\/\/www.artep.hu\/#\/schema\/person\/f4ff1eca2b9fb73f9a5dce3a46f9e34b"},"potentialAction":[{"@type":"SearchAction","target":{"@type":"EntryPoint","urlTemplate":"https:\/\/www.artep.hu\/?s={search_term_string}"},"query-input":{"@type":"PropertyValueSpecification","valueRequired":true,"valueName":"search_term_string"}}],"inLanguage":"en-US"},{"@type":["Person","Organization"],"@id":"https:\/\/www.artep.hu\/#\/schema\/person\/f4ff1eca2b9fb73f9a5dce3a46f9e34b","name":"K\u00f6teles Petra","image":{"@type":"ImageObject","inLanguage":"en-US","@id":"https:\/\/www.artep.hu\/wp-content\/uploads\/2026\/01\/cropped-ARTEP.png","url":"https:\/\/www.artep.hu\/wp-content\/uploads\/2026\/01\/cropped-ARTEP.png","contentUrl":"https:\/\/www.artep.hu\/wp-content\/uploads\/2026\/01\/cropped-ARTEP.png","width":1999,"height":1659,"caption":"K\u00f6teles Petra"},"logo":{"@id":"https:\/\/www.artep.hu\/wp-content\/uploads\/2026\/01\/cropped-ARTEP.png"},"sameAs":["https:\/\/www.artep.hu"],"url":"https:\/\/www.artep.hu\/en\/author\/phaedracolt\/"}]}},"_links":{"self":[{"href":"https:\/\/www.artep.hu\/en\/wp-json\/wp\/v2\/posts\/1217","targetHints":{"allow":["GET"]}}],"collection":[{"href":"https:\/\/www.artep.hu\/en\/wp-json\/wp\/v2\/posts"}],"about":[{"href":"https:\/\/www.artep.hu\/en\/wp-json\/wp\/v2\/types\/post"}],"author":[{"embeddable":true,"href":"https:\/\/www.artep.hu\/en\/wp-json\/wp\/v2\/users\/1"}],"replies":[{"embeddable":true,"href":"https:\/\/www.artep.hu\/en\/wp-json\/wp\/v2\/comments?post=1217"}],"version-history":[{"count":5,"href":"https:\/\/www.artep.hu\/en\/wp-json\/wp\/v2\/posts\/1217\/revisions"}],"predecessor-version":[{"id":1246,"href":"https:\/\/www.artep.hu\/en\/wp-json\/wp\/v2\/posts\/1217\/revisions\/1246"}],"wp:featuredmedia":[{"embeddable":true,"href":"https:\/\/www.artep.hu\/en\/wp-json\/wp\/v2\/media\/1218"}],"wp:attachment":[{"href":"https:\/\/www.artep.hu\/en\/wp-json\/wp\/v2\/media?parent=1217"}],"wp:term":[{"taxonomy":"category","embeddable":true,"href":"https:\/\/www.artep.hu\/en\/wp-json\/wp\/v2\/categories?post=1217"},{"taxonomy":"post_tag","embeddable":true,"href":"https:\/\/www.artep.hu\/en\/wp-json\/wp\/v2\/tags?post=1217"}],"curies":[{"name":"wp","href":"https:\/\/api.w.org\/{rel}","templated":true}]}}