{"id":1270,"date":"2025-04-29T17:02:50","date_gmt":"2025-04-29T15:02:50","guid":{"rendered":"https:\/\/www.artep.hu\/?p=1270"},"modified":"2025-04-30T15:27:00","modified_gmt":"2025-04-30T13:27:00","slug":"mi-vs-designer","status":"publish","type":"post","link":"https:\/\/www.artep.hu\/en\/mi-vs-designer\/","title":{"rendered":"MI vs DESIGNER"},"content":{"rendered":"<h2 class=\"wp-block-heading\" style=\"font-size:21px\">R\u00e9gebben volt egy f\u0151n\u00f6k\u00f6m, aki im\u00e1dta az \u00faj dolgokat, \u00e9s r\u00e1f\u00fcgg\u00f6tt a mesters\u00e9ges intelligencia ny\u00fajtotta lehet\u0151s\u00e9gekre is. K\u00f6telezett, akit csak tudott, hogy pl. a ChatGPT seg\u00edts\u00e9g\u00e9vel \u00edrjon poszt sz\u00f6vegeket. Sz\u00e1rnyra keltek a pletyk\u00e1k, hogy teszteli, mennyit lehet kihozni ebb\u0151l a technol\u00f3gi\u00e1b\u00f3l, \u00e9s ki az, aki lecser\u00e9lhet\u0151v\u00e9 v\u00e1lhat a c\u00e9gn\u00e9l&#8230;<br>Eleinte \u00e9n sem voltam nyugodt. Vajon t\u00e9nyleg kiv\u00e1lthatn\u00e1 a munk\u00e1m a mesters\u00e9ges intelligencia?<\/h2>\n\n\n\n<p class=\"has-ast-global-color-2-color has-text-color has-link-color wp-elements-6c9d74620526ffc5a5a71021db30c040\">Ideje tiszt\u00e1zni a nagy k\u00e9rd\u00e9st: ki \u00e9s mi mire j\u00f3? Mikor \u00e9rdemes grafikushoz fordulni \u00e9s mikor lehet el\u00e9g valakinek csak az MI seg\u00edts\u00e9ge?<\/p>\n\n\n\n<div style=\"height:21px\" aria-hidden=\"true\" class=\"wp-block-spacer\"><\/div>\n\n\n\n<figure class=\"wp-block-image size-large\"><img fetchpriority=\"high\" decoding=\"async\" width=\"1024\" height=\"683\" src=\"https:\/\/www.artep.hu\/wp-content\/uploads\/2025\/01\/MI2-1024x683.jpg\" alt=\"\" class=\"wp-image-1218\" srcset=\"https:\/\/www.artep.hu\/wp-content\/uploads\/2025\/01\/MI2-1024x683.jpg 1024w, https:\/\/www.artep.hu\/wp-content\/uploads\/2025\/01\/MI2-300x200.jpg 300w, https:\/\/www.artep.hu\/wp-content\/uploads\/2025\/01\/MI2-768x512.jpg 768w, https:\/\/www.artep.hu\/wp-content\/uploads\/2025\/01\/MI2-1536x1024.jpg 1536w, https:\/\/www.artep.hu\/wp-content\/uploads\/2025\/01\/MI2-2048x1365.jpg 2048w, https:\/\/www.artep.hu\/wp-content\/uploads\/2025\/01\/MI2-18x12.jpg 18w\" sizes=\"(max-width: 1024px) 100vw, 1024px\" \/><\/figure>\n\n\n\n<div style=\"height:30px\" aria-hidden=\"true\" class=\"wp-block-spacer\"><\/div>\n\n\n\n<h2 class=\"wp-block-heading\" style=\"font-size:21px\">What does AI do?<\/h2>\n\n\n\n<p class=\"has-ast-global-color-2-color has-text-color has-link-color wp-elements-20fa38193788a9ed7d27d41d7f338b0e\">The AI is like an enthusiastic trainee who, after leaving school, is still willing to do anything at his first job - sometimes quite well, sometimes a bit... well... surreal. (Yes, that third hand on the character is not the right one.)<\/p>\n\n\n\n<p class=\"has-ast-global-color-2-color has-text-color has-link-color wp-elements-a7a728879524a71cd6753e1acf73ebbf\">Which he's really good at:<\/p>\n\n\n\n<ul class=\"wp-block-list\">\n<li class=\"has-ast-global-color-2-color has-text-color has-link-color wp-elements-a35d5ed82bde3774ef6871edaa4dc881\">Brainstorm, inspire, copy styles,<\/li>\n\n\n\n<li class=\"has-ast-global-color-2-color has-text-color has-link-color wp-elements-88410442c719b3137f7d00cbceff5b91\">quickly develop concepts<\/li>\n\n\n\n<li class=\"has-ast-global-color-2-color has-text-color has-link-color wp-elements-30f6a298bf9346d38676300a56edf7c7\">k\u00e9peket, anim\u00e1ci\u00f3kat, vide\u00f3kat, sz\u00f6vegeket gener\u00e1lni promptok alapj\u00e1n<\/li>\n<\/ul>\n\n\n\n<h2 class=\"wp-block-heading\" style=\"font-size:21px\">What can the designer do?<\/h2>\n\n\n\n<p class=\"has-ast-global-color-2-color has-text-color has-link-color wp-elements-d21754157e6f6e0b44710339abc1805d\">A designer is someone who:<\/p>\n\n\n\n<ul class=\"wp-block-list\">\n<li>koncepci\u00f3t \u00e9p\u00edt, strat\u00e9gi\u00e1ban gondolkodik, az \u00fcgyfelet egy\u00e9nis\u00e9gk\u00e9nt kezeli<\/li>\n\n\n\n<li>puts purpose, message and function behind the visual,<\/li>\n\n\n\n<li>makes sure that the design is not only beautiful, but that it works,<\/li>\n\n\n\n<li>the AI works at his command.<\/li>\n<\/ul>\n\n\n\n<h2 class=\"wp-block-heading\" style=\"font-size:21px\">And if they work together?<\/h2>\n\n\n\n<p class=\"has-ast-global-color-2-color has-text-color has-link-color wp-elements-6412893dba815e9d7ad2678677e846c2\">Egy j\u00f3 designer ma m\u00e1r nem MI-ellenes, hanem MI-kompatibilis. Tudja, mikor ny\u00fal a technol\u00f3gi\u00e1hoz, \u00e9s mikor nem. \u00c9n p\u00e9ld\u00e1ul szeretek a mesters\u00e9ges intelligenci\u00e1val egy\u00fctt dolgozni. Olyan, mint egy j\u00f3l betan\u00edtott kis asszisztens. M\u00e1r amikor&#8230; \ud83d\ude00<\/p>\n\n\n\n<h2 class=\"wp-block-heading\" style=\"font-size:21px\">When should you choose AI?<\/h2>\n\n\n\n<p class=\"has-ast-global-color-2-color has-text-color has-link-color wp-elements-9eccb8aefe59b506d4267d62c70d1069\">If you need quick inspiration<br>\u2714\ufe0f Ha sz\u0171k a b\u00fcdzs\u00e9<br>\u2714\ufe0f Ha nincs sz\u00fcks\u00e9g brandingstrat\u00e9gi\u00e1ra<br>\u2714\ufe0f Ha sz\u00f3rakozni akarsz, \u00f6tletelgetni<\/p>\n\n\n\n<h2 class=\"wp-block-heading\" style=\"font-size:21px\">Mikor van sz\u00fcks\u00e9g igazi designerre?<\/h2>\n\n\n\n<p class=\"has-ast-global-color-2-color has-text-color has-link-color wp-elements-83d23eec3f1bc42ba0ae66c53dd9dff9\">\u2714\ufe0f Ha m\u00e1rk\u00e1t \u00e9p\u00edtesz<br>\u2714\ufe0f Ha vizu\u00e1lisan k\u00fcl\u00f6nb\u00f6zni akarsz a konkurenci\u00e1dt\u00f3l<br>\u2714\ufe0f Ha egyedit szeretn\u00e9l<br>\u2714\ufe0f Ha fontos a profizmus, a st\u00edlus \u00e9s a k\u00f6vetkezetess\u00e9g<\/p>\n\n\n\n<h2 class=\"wp-block-heading\" style=\"font-size:21px\">So...<\/h2>\n\n\n\n<p class=\"has-ast-global-color-2-color has-text-color has-link-color wp-elements-907670b7bc8f0c0d6484d6c453cd7b19\">A mesters\u00e9ges intelligencia nem tud kiv\u00e1ltani egy grafikust. Az hagyj\u00e1n, hogy mag\u00e1t\u00f3l nem dolgozik, dolgoztatni kell, meg kell neki mondani, mit, hogy csin\u00e1ljon, de nem n\u00e9zi az egy\u00e9ni ig\u00e9nyeket, nem tud \u00faj dolgokat kital\u00e1lni, nem tud szem\u00e9lyre szabottat alkotni. <\/p>\n\n\n\n<p class=\"has-ast-global-color-2-color has-text-color has-link-color wp-elements-98cb0688b2a8b1c4aac2a99e3b88c504\">Sz\u00f3val haszn\u00e1ld b\u00e1tran a mesters\u00e9ges intelligenci\u00e1t, de ha k\u00f6zben elakadn\u00e1l, vagy kell egy h\u00fas-v\u00e9r diz\u00e1jner, <a href=\"https:\/\/www.artep.hu\/en\/kapcsolat\/\">email me<\/a>! \ud83d\ude09<\/p>","protected":false},"excerpt":{"rendered":"<p>R\u00e9gebben volt egy f\u0151n\u00f6k\u00f6m, aki im\u00e1dta az \u00faj dolgokat, \u00e9s r\u00e1f\u00fcgg\u00f6tt a mesters\u00e9ges intelligencia ny\u00fajtotta lehet\u0151s\u00e9gekre is. K\u00f6telezett, akit csak tudott, hogy pl. a ChatGPT seg\u00edts\u00e9g\u00e9vel \u00edrjon poszt sz\u00f6vegeket. Sz\u00e1rnyra keltek a pletyk\u00e1k, hogy teszteli, mennyit lehet kihozni ebb\u0151l a technol\u00f3gi\u00e1b\u00f3l, \u00e9s ki az, aki lecser\u00e9lhet\u0151v\u00e9 v\u00e1lhat a c\u00e9gn\u00e9l&#8230;Eleinte \u00e9n sem voltam nyugodt. Vajon t\u00e9nyleg [&hellip;]<\/p>\n","protected":false},"author":1,"featured_media":1220,"comment_status":"closed","ping_status":"open","sticky":false,"template":"","format":"standard","meta":{"_editorskit_title_hidden":false,"_editorskit_reading_time":0,"_editorskit_is_block_options_detached":false,"_editorskit_block_options_position":"{}","site-sidebar-layout":"default","site-content-layout":"","ast-site-content-layout":"default","site-content-style":"default","site-sidebar-style":"default","ast-global-header-display":"","ast-banner-title-visibility":"","ast-main-header-display":"","ast-hfb-above-header-display":"","ast-hfb-below-header-display":"","ast-hfb-mobile-header-display":"","site-post-title":"","ast-breadcrumbs-content":"","ast-featured-img":"disabled","footer-sml-layout":"","theme-transparent-header-meta":"","adv-header-id-meta":"","stick-header-meta":"","header-above-stick-meta":"","header-main-stick-meta":"","header-below-stick-meta":"","astra-migrate-meta-layouts":"set","ast-page-background-enabled":"default","ast-page-background-meta":{"desktop":{"background-color":"","background-image":"","background-repeat":"repeat","background-position":"center center","background-size":"auto","background-attachment":"scroll","background-type":"","background-media":"","overlay-type":"","overlay-color":"","overlay-opacity":"","overlay-gradient":""},"tablet":{"background-color":"","background-image":"","background-repeat":"repeat","background-position":"center center","background-size":"auto","background-attachment":"scroll","background-type":"","background-media":"","overlay-type":"","overlay-color":"","overlay-opacity":"","overlay-gradient":""},"mobile":{"background-color":"","background-image":"","background-repeat":"repeat","background-position":"center center","background-size":"auto","background-attachment":"scroll","background-type":"","background-media":"","overlay-type":"","overlay-color":"","overlay-opacity":"","overlay-gradient":""}},"ast-content-background-meta":{"desktop":{"background-color":"var(--ast-global-color-5)","background-image":"","background-repeat":"repeat","background-position":"center center","background-size":"auto","background-attachment":"scroll","background-type":"","background-media":"","overlay-type":"","overlay-color":"","overlay-opacity":"","overlay-gradient":""},"tablet":{"background-color":"var(--ast-global-color-5)","background-image":"","background-repeat":"repeat","background-position":"center center","background-size":"auto","background-attachment":"scroll","background-type":"","background-media":"","overlay-type":"","overlay-color":"","overlay-opacity":"","overlay-gradient":""},"mobile":{"background-color":"var(--ast-global-color-5)","background-image":"","background-repeat":"repeat","background-position":"center center","background-size":"auto","background-attachment":"scroll","background-type":"","background-media":"","overlay-type":"","overlay-color":"","overlay-opacity":"","overlay-gradient":""}},"footnotes":""},"categories":[8],"tags":[233,228],"class_list":["post-1270","post","type-post","status-publish","format-standard","has-post-thumbnail","hentry","category-blog","tag-designer","tag-mesterseges-intelligencia"],"yoast_head":"<!-- This site is optimized with the Yoast SEO plugin v27.5 - https:\/\/yoast.com\/product\/yoast-seo-wordpress\/ -->\n<title>MI vs DESIGNER - Artep Graphic Designs<\/title>\n<meta name=\"description\" content=\"N\u00e9zz\u00fck meg, hogyan form\u00e1lja a mesters\u00e9ges intelligencia a diz\u00e1jn j\u00f6v\u0151j\u00e9t, \u00e9s mi\u00e9rt marad a kreat\u00edv szakemberek szerepe kulcsfontoss\u00e1g\u00fa.\" \/>\n<meta name=\"robots\" content=\"index, follow, max-snippet:-1, max-image-preview:large, max-video-preview:-1\" \/>\n<link rel=\"canonical\" href=\"https:\/\/www.artep.hu\/en\/mi-vs-designer\/\" \/>\n<meta property=\"og:locale\" content=\"en_US\" \/>\n<meta property=\"og:type\" content=\"article\" \/>\n<meta property=\"og:title\" content=\"MI vs DESIGNER - Artep Graphic Designs\" \/>\n<meta property=\"og:description\" content=\"N\u00e9zz\u00fck meg, hogyan form\u00e1lja a mesters\u00e9ges intelligencia a diz\u00e1jn j\u00f6v\u0151j\u00e9t, \u00e9s mi\u00e9rt marad a kreat\u00edv szakemberek szerepe kulcsfontoss\u00e1g\u00fa.\" \/>\n<meta property=\"og:url\" content=\"https:\/\/www.artep.hu\/en\/mi-vs-designer\/\" \/>\n<meta property=\"og:site_name\" content=\"Artep Graphic Designs\" \/>\n<meta property=\"article:published_time\" content=\"2025-04-29T15:02:50+00:00\" \/>\n<meta property=\"article:modified_time\" content=\"2025-04-30T13:27:00+00:00\" \/>\n<meta property=\"og:image\" content=\"https:\/\/www.artep.hu\/wp-content\/uploads\/2025\/01\/mi-scaled.jpg\" \/>\n\t<meta property=\"og:image:width\" content=\"2560\" \/>\n\t<meta property=\"og:image:height\" content=\"1707\" \/>\n\t<meta property=\"og:image:type\" content=\"image\/jpeg\" \/>\n<meta name=\"author\" content=\"K\u00f6teles Petra\" \/>\n<meta name=\"twitter:card\" content=\"summary_large_image\" \/>\n<meta name=\"twitter:label1\" content=\"Written by\" \/>\n\t<meta name=\"twitter:data1\" content=\"K\u00f6teles Petra\" \/>\n\t<meta name=\"twitter:label2\" content=\"Est. reading time\" \/>\n\t<meta name=\"twitter:data2\" content=\"3 minutes\" \/>\n<script type=\"application\/ld+json\" class=\"yoast-schema-graph\">{\"@context\":\"https:\\\/\\\/schema.org\",\"@graph\":[{\"@type\":\"Article\",\"@id\":\"https:\\\/\\\/www.artep.hu\\\/mi-vs-designer\\\/#article\",\"isPartOf\":{\"@id\":\"https:\\\/\\\/www.artep.hu\\\/mi-vs-designer\\\/\"},\"author\":{\"name\":\"K\u00f6teles Petra\",\"@id\":\"https:\\\/\\\/www.artep.hu\\\/#\\\/schema\\\/person\\\/f4ff1eca2b9fb73f9a5dce3a46f9e34b\"},\"headline\":\"MI vs DESIGNER\",\"datePublished\":\"2025-04-29T15:02:50+00:00\",\"dateModified\":\"2025-04-30T13:27:00+00:00\",\"mainEntityOfPage\":{\"@id\":\"https:\\\/\\\/www.artep.hu\\\/mi-vs-designer\\\/\"},\"wordCount\":468,\"publisher\":{\"@id\":\"https:\\\/\\\/www.artep.hu\\\/#\\\/schema\\\/person\\\/f4ff1eca2b9fb73f9a5dce3a46f9e34b\"},\"image\":{\"@id\":\"https:\\\/\\\/www.artep.hu\\\/mi-vs-designer\\\/#primaryimage\"},\"thumbnailUrl\":\"https:\\\/\\\/www.artep.hu\\\/wp-content\\\/uploads\\\/2025\\\/01\\\/mi-scaled.jpg\",\"keywords\":[\"designer\",\"mesters\u00e9ges intelligencia\"],\"articleSection\":[\"Blog\"],\"inLanguage\":\"en-US\"},{\"@type\":\"WebPage\",\"@id\":\"https:\\\/\\\/www.artep.hu\\\/mi-vs-designer\\\/\",\"url\":\"https:\\\/\\\/www.artep.hu\\\/mi-vs-designer\\\/\",\"name\":\"MI vs DESIGNER - Artep Graphic Designs\",\"isPartOf\":{\"@id\":\"https:\\\/\\\/www.artep.hu\\\/#website\"},\"primaryImageOfPage\":{\"@id\":\"https:\\\/\\\/www.artep.hu\\\/mi-vs-designer\\\/#primaryimage\"},\"image\":{\"@id\":\"https:\\\/\\\/www.artep.hu\\\/mi-vs-designer\\\/#primaryimage\"},\"thumbnailUrl\":\"https:\\\/\\\/www.artep.hu\\\/wp-content\\\/uploads\\\/2025\\\/01\\\/mi-scaled.jpg\",\"datePublished\":\"2025-04-29T15:02:50+00:00\",\"dateModified\":\"2025-04-30T13:27:00+00:00\",\"description\":\"N\u00e9zz\u00fck meg, hogyan form\u00e1lja a mesters\u00e9ges intelligencia a diz\u00e1jn j\u00f6v\u0151j\u00e9t, \u00e9s mi\u00e9rt marad a kreat\u00edv szakemberek szerepe kulcsfontoss\u00e1g\u00fa.\",\"breadcrumb\":{\"@id\":\"https:\\\/\\\/www.artep.hu\\\/mi-vs-designer\\\/#breadcrumb\"},\"inLanguage\":\"en-US\",\"potentialAction\":[{\"@type\":\"ReadAction\",\"target\":[\"https:\\\/\\\/www.artep.hu\\\/mi-vs-designer\\\/\"]}]},{\"@type\":\"ImageObject\",\"inLanguage\":\"en-US\",\"@id\":\"https:\\\/\\\/www.artep.hu\\\/mi-vs-designer\\\/#primaryimage\",\"url\":\"https:\\\/\\\/www.artep.hu\\\/wp-content\\\/uploads\\\/2025\\\/01\\\/mi-scaled.jpg\",\"contentUrl\":\"https:\\\/\\\/www.artep.hu\\\/wp-content\\\/uploads\\\/2025\\\/01\\\/mi-scaled.jpg\",\"width\":2560,\"height\":1707,\"caption\":\"MI vs DESIGNER\"},{\"@type\":\"BreadcrumbList\",\"@id\":\"https:\\\/\\\/www.artep.hu\\\/mi-vs-designer\\\/#breadcrumb\",\"itemListElement\":[{\"@type\":\"ListItem\",\"position\":1,\"name\":\"Kezd\u0151lap\",\"item\":\"https:\\\/\\\/www.artep.hu\\\/\"},{\"@type\":\"ListItem\",\"position\":2,\"name\":\"MI vs DESIGNER\"}]},{\"@type\":\"WebSite\",\"@id\":\"https:\\\/\\\/www.artep.hu\\\/#website\",\"url\":\"https:\\\/\\\/www.artep.hu\\\/\",\"name\":\"Artep Graphic Designs\",\"description\":\"\",\"publisher\":{\"@id\":\"https:\\\/\\\/www.artep.hu\\\/#\\\/schema\\\/person\\\/f4ff1eca2b9fb73f9a5dce3a46f9e34b\"},\"potentialAction\":[{\"@type\":\"SearchAction\",\"target\":{\"@type\":\"EntryPoint\",\"urlTemplate\":\"https:\\\/\\\/www.artep.hu\\\/?s={search_term_string}\"},\"query-input\":{\"@type\":\"PropertyValueSpecification\",\"valueRequired\":true,\"valueName\":\"search_term_string\"}}],\"inLanguage\":\"en-US\"},{\"@type\":[\"Person\",\"Organization\"],\"@id\":\"https:\\\/\\\/www.artep.hu\\\/#\\\/schema\\\/person\\\/f4ff1eca2b9fb73f9a5dce3a46f9e34b\",\"name\":\"K\u00f6teles Petra\",\"image\":{\"@type\":\"ImageObject\",\"inLanguage\":\"en-US\",\"@id\":\"https:\\\/\\\/www.artep.hu\\\/wp-content\\\/uploads\\\/2026\\\/01\\\/cropped-ARTEP.png\",\"url\":\"https:\\\/\\\/www.artep.hu\\\/wp-content\\\/uploads\\\/2026\\\/01\\\/cropped-ARTEP.png\",\"contentUrl\":\"https:\\\/\\\/www.artep.hu\\\/wp-content\\\/uploads\\\/2026\\\/01\\\/cropped-ARTEP.png\",\"width\":1999,\"height\":1659,\"caption\":\"K\u00f6teles Petra\"},\"logo\":{\"@id\":\"https:\\\/\\\/www.artep.hu\\\/wp-content\\\/uploads\\\/2026\\\/01\\\/cropped-ARTEP.png\"},\"sameAs\":[\"https:\\\/\\\/www.artep.hu\"],\"url\":\"https:\\\/\\\/www.artep.hu\\\/en\\\/author\\\/phaedracolt\\\/\"}]}<\/script>\n<!-- \/ Yoast SEO plugin. -->","yoast_head_json":{"title":"MI vs DESIGNER - Artep Graphic Designs","description":"N\u00e9zz\u00fck meg, hogyan form\u00e1lja a mesters\u00e9ges intelligencia a diz\u00e1jn j\u00f6v\u0151j\u00e9t, \u00e9s mi\u00e9rt marad a kreat\u00edv szakemberek szerepe kulcsfontoss\u00e1g\u00fa.","robots":{"index":"index","follow":"follow","max-snippet":"max-snippet:-1","max-image-preview":"max-image-preview:large","max-video-preview":"max-video-preview:-1"},"canonical":"https:\/\/www.artep.hu\/en\/mi-vs-designer\/","og_locale":"en_US","og_type":"article","og_title":"MI vs DESIGNER - Artep Graphic Designs","og_description":"N\u00e9zz\u00fck meg, hogyan form\u00e1lja a mesters\u00e9ges intelligencia a diz\u00e1jn j\u00f6v\u0151j\u00e9t, \u00e9s mi\u00e9rt marad a kreat\u00edv szakemberek szerepe kulcsfontoss\u00e1g\u00fa.","og_url":"https:\/\/www.artep.hu\/en\/mi-vs-designer\/","og_site_name":"Artep Graphic Designs","article_published_time":"2025-04-29T15:02:50+00:00","article_modified_time":"2025-04-30T13:27:00+00:00","og_image":[{"width":2560,"height":1707,"url":"https:\/\/www.artep.hu\/wp-content\/uploads\/2025\/01\/mi-scaled.jpg","type":"image\/jpeg"}],"author":"K\u00f6teles Petra","twitter_card":"summary_large_image","twitter_misc":{"Written by":"K\u00f6teles Petra","Est. reading time":"3 minutes"},"schema":{"@context":"https:\/\/schema.org","@graph":[{"@type":"Article","@id":"https:\/\/www.artep.hu\/mi-vs-designer\/#article","isPartOf":{"@id":"https:\/\/www.artep.hu\/mi-vs-designer\/"},"author":{"name":"K\u00f6teles Petra","@id":"https:\/\/www.artep.hu\/#\/schema\/person\/f4ff1eca2b9fb73f9a5dce3a46f9e34b"},"headline":"MI vs DESIGNER","datePublished":"2025-04-29T15:02:50+00:00","dateModified":"2025-04-30T13:27:00+00:00","mainEntityOfPage":{"@id":"https:\/\/www.artep.hu\/mi-vs-designer\/"},"wordCount":468,"publisher":{"@id":"https:\/\/www.artep.hu\/#\/schema\/person\/f4ff1eca2b9fb73f9a5dce3a46f9e34b"},"image":{"@id":"https:\/\/www.artep.hu\/mi-vs-designer\/#primaryimage"},"thumbnailUrl":"https:\/\/www.artep.hu\/wp-content\/uploads\/2025\/01\/mi-scaled.jpg","keywords":["designer","mesters\u00e9ges intelligencia"],"articleSection":["Blog"],"inLanguage":"en-US"},{"@type":"WebPage","@id":"https:\/\/www.artep.hu\/mi-vs-designer\/","url":"https:\/\/www.artep.hu\/mi-vs-designer\/","name":"MI vs DESIGNER - Artep Graphic Designs","isPartOf":{"@id":"https:\/\/www.artep.hu\/#website"},"primaryImageOfPage":{"@id":"https:\/\/www.artep.hu\/mi-vs-designer\/#primaryimage"},"image":{"@id":"https:\/\/www.artep.hu\/mi-vs-designer\/#primaryimage"},"thumbnailUrl":"https:\/\/www.artep.hu\/wp-content\/uploads\/2025\/01\/mi-scaled.jpg","datePublished":"2025-04-29T15:02:50+00:00","dateModified":"2025-04-30T13:27:00+00:00","description":"N\u00e9zz\u00fck meg, hogyan form\u00e1lja a mesters\u00e9ges intelligencia a diz\u00e1jn j\u00f6v\u0151j\u00e9t, \u00e9s mi\u00e9rt marad a kreat\u00edv szakemberek szerepe kulcsfontoss\u00e1g\u00fa.","breadcrumb":{"@id":"https:\/\/www.artep.hu\/mi-vs-designer\/#breadcrumb"},"inLanguage":"en-US","potentialAction":[{"@type":"ReadAction","target":["https:\/\/www.artep.hu\/mi-vs-designer\/"]}]},{"@type":"ImageObject","inLanguage":"en-US","@id":"https:\/\/www.artep.hu\/mi-vs-designer\/#primaryimage","url":"https:\/\/www.artep.hu\/wp-content\/uploads\/2025\/01\/mi-scaled.jpg","contentUrl":"https:\/\/www.artep.hu\/wp-content\/uploads\/2025\/01\/mi-scaled.jpg","width":2560,"height":1707,"caption":"MI vs DESIGNER"},{"@type":"BreadcrumbList","@id":"https:\/\/www.artep.hu\/mi-vs-designer\/#breadcrumb","itemListElement":[{"@type":"ListItem","position":1,"name":"Kezd\u0151lap","item":"https:\/\/www.artep.hu\/"},{"@type":"ListItem","position":2,"name":"MI vs DESIGNER"}]},{"@type":"WebSite","@id":"https:\/\/www.artep.hu\/#website","url":"https:\/\/www.artep.hu\/","name":"Artep Graphic Designs","description":"","publisher":{"@id":"https:\/\/www.artep.hu\/#\/schema\/person\/f4ff1eca2b9fb73f9a5dce3a46f9e34b"},"potentialAction":[{"@type":"SearchAction","target":{"@type":"EntryPoint","urlTemplate":"https:\/\/www.artep.hu\/?s={search_term_string}"},"query-input":{"@type":"PropertyValueSpecification","valueRequired":true,"valueName":"search_term_string"}}],"inLanguage":"en-US"},{"@type":["Person","Organization"],"@id":"https:\/\/www.artep.hu\/#\/schema\/person\/f4ff1eca2b9fb73f9a5dce3a46f9e34b","name":"K\u00f6teles Petra","image":{"@type":"ImageObject","inLanguage":"en-US","@id":"https:\/\/www.artep.hu\/wp-content\/uploads\/2026\/01\/cropped-ARTEP.png","url":"https:\/\/www.artep.hu\/wp-content\/uploads\/2026\/01\/cropped-ARTEP.png","contentUrl":"https:\/\/www.artep.hu\/wp-content\/uploads\/2026\/01\/cropped-ARTEP.png","width":1999,"height":1659,"caption":"K\u00f6teles Petra"},"logo":{"@id":"https:\/\/www.artep.hu\/wp-content\/uploads\/2026\/01\/cropped-ARTEP.png"},"sameAs":["https:\/\/www.artep.hu"],"url":"https:\/\/www.artep.hu\/en\/author\/phaedracolt\/"}]}},"_links":{"self":[{"href":"https:\/\/www.artep.hu\/en\/wp-json\/wp\/v2\/posts\/1270","targetHints":{"allow":["GET"]}}],"collection":[{"href":"https:\/\/www.artep.hu\/en\/wp-json\/wp\/v2\/posts"}],"about":[{"href":"https:\/\/www.artep.hu\/en\/wp-json\/wp\/v2\/types\/post"}],"author":[{"embeddable":true,"href":"https:\/\/www.artep.hu\/en\/wp-json\/wp\/v2\/users\/1"}],"replies":[{"embeddable":true,"href":"https:\/\/www.artep.hu\/en\/wp-json\/wp\/v2\/comments?post=1270"}],"version-history":[{"count":2,"href":"https:\/\/www.artep.hu\/en\/wp-json\/wp\/v2\/posts\/1270\/revisions"}],"predecessor-version":[{"id":1273,"href":"https:\/\/www.artep.hu\/en\/wp-json\/wp\/v2\/posts\/1270\/revisions\/1273"}],"wp:featuredmedia":[{"embeddable":true,"href":"https:\/\/www.artep.hu\/en\/wp-json\/wp\/v2\/media\/1220"}],"wp:attachment":[{"href":"https:\/\/www.artep.hu\/en\/wp-json\/wp\/v2\/media?parent=1270"}],"wp:term":[{"taxonomy":"category","embeddable":true,"href":"https:\/\/www.artep.hu\/en\/wp-json\/wp\/v2\/categories?post=1270"},{"taxonomy":"post_tag","embeddable":true,"href":"https:\/\/www.artep.hu\/en\/wp-json\/wp\/v2\/tags?post=1270"}],"curies":[{"name":"wp","href":"https:\/\/api.w.org\/{rel}","templated":true}]}}