{"id":1361,"date":"2025-05-27T12:09:58","date_gmt":"2025-05-27T10:09:58","guid":{"rendered":"https:\/\/www.artep.hu\/?p=1361"},"modified":"2025-05-27T12:13:35","modified_gmt":"2025-05-27T10:13:35","slug":"eco-branding","status":"publish","type":"post","link":"https:\/\/www.artep.hu\/en\/eco-branding\/","title":{"rendered":"Eco branding: sustainable design is more than just using green"},"content":{"rendered":"<h2 class=\"wp-block-heading\" style=\"font-size:21px\">Sustainability has become one of the strongest trends in recent years \u2013 not just in everyday life, but in brand communication as well. More and more businesses are trying to be \u201cgreen,\u201d or at least look like it.<\/h2>\n\n\n\n<p class=\"has-ast-global-color-2-color has-text-color has-link-color wp-elements-29077d8e758d0f4fd53d26217e230f7a\">But what does that really mean when it comes to visual identity? And how can a brand communicate its commitment to sustainability without sounding like empty PR? That\u2019s where eco branding comes in \u2013 a thoughtful, values-driven approach to brand design.<\/p>\n\n\n\n<div style=\"height:21px\" aria-hidden=\"true\" class=\"wp-block-spacer\"><\/div>\n\n\n\n<figure class=\"wp-block-image size-large\"><img fetchpriority=\"high\" decoding=\"async\" width=\"1024\" height=\"574\" src=\"https:\/\/www.artep.hu\/wp-content\/uploads\/2025\/05\/eco-branding2-1024x574.jpeg\" alt=\"\" class=\"wp-image-1362\" srcset=\"https:\/\/www.artep.hu\/wp-content\/uploads\/2025\/05\/eco-branding2-1024x574.jpeg 1024w, https:\/\/www.artep.hu\/wp-content\/uploads\/2025\/05\/eco-branding2-300x168.jpeg 300w, https:\/\/www.artep.hu\/wp-content\/uploads\/2025\/05\/eco-branding2-768x430.jpeg 768w, https:\/\/www.artep.hu\/wp-content\/uploads\/2025\/05\/eco-branding2-1536x861.jpeg 1536w, https:\/\/www.artep.hu\/wp-content\/uploads\/2025\/05\/eco-branding2-2048x1148.jpeg 2048w, https:\/\/www.artep.hu\/wp-content\/uploads\/2025\/05\/eco-branding2-18x10.jpeg 18w\" sizes=\"(max-width: 1024px) 100vw, 1024px\" \/><\/figure>\n\n\n\n<div style=\"height:30px\" aria-hidden=\"true\" class=\"wp-block-spacer\"><\/div>\n\n\n\n<h2 class=\"wp-block-heading\" style=\"font-size:21px\">What is eco branding?<\/h2>\n\n\n\n<p class=\"has-ast-global-color-2-color has-text-color has-link-color wp-elements-dcc885f6d202c6500cb63327cc58618a\">Eco branding isn\u2019t just using green tones and slapping a leaf on your logo. It\u2019s about creating a visual identity that aligns with the values your brand claims to uphold. If your business says it\u2019s committed to sustainability, then your design has to back that up \u2013 not just in aesthetics, but in the materials you use, the tone you communicate with, and the consistency of your visuals.<\/p>\n\n\n\n<h2 class=\"wp-block-heading\" style=\"font-size:21px\">What makes a sustainable brand identity feel authentic?<\/h2>\n\n\n\n<p class=\"has-ast-global-color-2-color has-text-color has-link-color wp-elements-45c3389a022ad991a7d23f435d28be79\">Today\u2019s customers are more conscious than ever. A pretty green color palette isn\u2019t enough anymore. What kind of paper are you printing on? What does your packaging look like? Is your communication transparent? Does your visual identity stay consistent across platforms? Real eco branding is subtle, honest, and grounded in what your business actually does \u2013 not what it wishes it looked like.<\/p>\n\n\n\n<h2 class=\"wp-block-heading\" style=\"font-size:21px\">What are the key elements of good eco design?<\/h2>\n\n\n\n<p class=\"has-ast-global-color-2-color has-text-color has-link-color wp-elements-e8dff5443dab3176b413ac16e08b3d3a\">In sustainable branding, every design choice matters. Logos tend to be simple and timeless. Colors are nature-inspired. Fonts are clean and readable. Materials lean toward recycled or natural options. Even your social media presence reflects this \u2013 not just with trendy aesthetics, but with meaningful content that supports your values.<\/p>\n\n\n\n<p class=\"has-ast-global-color-2-color has-text-color has-link-color wp-elements-6f98b4004b064e3e59ec89637c5aff6e\">A designer doesn\u2019t just make something look good \u2013 they help visually express the story and values behind your brand. They make sure your identity is not only attractive, but functional and consistent. Eco branding isn\u2019t a passing trend. It\u2019s a long-term mindset. And if you're serious about it, it\u2019s worth working with someone who truly understands what sustainability looks like \u2013 beyond just the color green.<\/p>\n\n\n\n<p class=\"has-ast-global-color-2-color has-text-color has-link-color wp-elements-68071f2987b2494f85228776b99a2f17\">If you're curious why the terms \"small\" and \"large\" brand identity have lost their meaning, click<a href=\"https:\/\/www.artep.hu\/en\/kis-es-nagyarculat\/\"> here<\/a>!<\/p>","protected":false},"excerpt":{"rendered":"<p>A k\u00f6rnyezettudatoss\u00e1g az ut\u00f3bbi \u00e9vek egyik leger\u0151sebb trendje lett \u2013 nemcsak a h\u00e9tk\u00f6znapi \u00e9letben, hanem a m\u00e1rk\u00e1k kommunik\u00e1ci\u00f3j\u00e1ban is. Egyre t\u00f6bb c\u00e9g igyekszik \u201ez\u00f6ld\u201d lenni, vagy legal\u00e1bb annak l\u00e1tszani. De mit jelent ez val\u00f3j\u00e1ban a vizu\u00e1lis megjelen\u00e9s szintj\u00e9n? \u00c9s hogyan lehet hitelesen kommunik\u00e1lni a fenntarthat\u00f3s\u00e1got an\u00e9lk\u00fcl, hogy \u00e1tmenn\u00e9nk \u00fcres PR-ba? Err\u0151l sz\u00f3l az eco branding, [&hellip;]<\/p>\n","protected":false},"author":1,"featured_media":1364,"comment_status":"closed","ping_status":"open","sticky":false,"template":"","format":"standard","meta":{"_editorskit_title_hidden":false,"_editorskit_reading_time":0,"_editorskit_is_block_options_detached":false,"_editorskit_block_options_position":"{}","site-sidebar-layout":"default","site-content-layout":"","ast-site-content-layout":"default","site-content-style":"default","site-sidebar-style":"default","ast-global-header-display":"","ast-banner-title-visibility":"","ast-main-header-display":"","ast-hfb-above-header-display":"","ast-hfb-below-header-display":"","ast-hfb-mobile-header-display":"","site-post-title":"","ast-breadcrumbs-content":"","ast-featured-img":"disabled","footer-sml-layout":"","theme-transparent-header-meta":"","adv-header-id-meta":"","stick-header-meta":"","header-above-stick-meta":"","header-main-stick-meta":"","header-below-stick-meta":"","astra-migrate-meta-layouts":"set","ast-page-background-enabled":"default","ast-page-background-meta":{"desktop":{"background-color":"","background-image":"","background-repeat":"repeat","background-position":"center center","background-size":"auto","background-attachment":"scroll","background-type":"","background-media":"","overlay-type":"","overlay-color":"","overlay-opacity":"","overlay-gradient":""},"tablet":{"background-color":"","background-image":"","background-repeat":"repeat","background-position":"center center","background-size":"auto","background-attachment":"scroll","background-type":"","background-media":"","overlay-type":"","overlay-color":"","overlay-opacity":"","overlay-gradient":""},"mobile":{"background-color":"","background-image":"","background-repeat":"repeat","background-position":"center center","background-size":"auto","background-attachment":"scroll","background-type":"","background-media":"","overlay-type":"","overlay-color":"","overlay-opacity":"","overlay-gradient":""}},"ast-content-background-meta":{"desktop":{"background-color":"var(--ast-global-color-5)","background-image":"","background-repeat":"repeat","background-position":"center center","background-size":"auto","background-attachment":"scroll","background-type":"","background-media":"","overlay-type":"","overlay-color":"","overlay-opacity":"","overlay-gradient":""},"tablet":{"background-color":"var(--ast-global-color-5)","background-image":"","background-repeat":"repeat","background-position":"center center","background-size":"auto","background-attachment":"scroll","background-type":"","background-media":"","overlay-type":"","overlay-color":"","overlay-opacity":"","overlay-gradient":""},"mobile":{"background-color":"var(--ast-global-color-5)","background-image":"","background-repeat":"repeat","background-position":"center center","background-size":"auto","background-attachment":"scroll","background-type":"","background-media":"","overlay-type":"","overlay-color":"","overlay-opacity":"","overlay-gradient":""}},"footnotes":""},"categories":[8],"tags":[239,238],"class_list":["post-1361","post","type-post","status-publish","format-standard","has-post-thumbnail","hentry","category-blog","tag-eco-branding","tag-grafikai-tervezes"],"yoast_head":"<!-- This site is optimized with the Yoast SEO plugin v27.5 - https:\/\/yoast.com\/product\/yoast-seo-wordpress\/ -->\n<title>Eco branding: a k\u00f6rnyezettudatos arculat t\u00f6bb, mint z\u00f6ld sz\u00edn - Artep Graphic Designs<\/title>\n<meta name=\"description\" content=\"A k\u00f6rnyezettudatoss\u00e1g az ut\u00f3bbi \u00e9vek egyik leger\u0151sebb trendje lett a m\u00e1rk\u00e1k kommunik\u00e1ci\u00f3j\u00e1ban is. De mi pontosan az eco branding?\" \/>\n<meta name=\"robots\" content=\"index, follow, max-snippet:-1, max-image-preview:large, max-video-preview:-1\" \/>\n<link rel=\"canonical\" href=\"https:\/\/www.artep.hu\/en\/eco-branding\/\" \/>\n<meta property=\"og:locale\" content=\"en_US\" \/>\n<meta property=\"og:type\" content=\"article\" \/>\n<meta property=\"og:title\" content=\"Eco branding: a k\u00f6rnyezettudatos arculat t\u00f6bb, mint z\u00f6ld sz\u00edn - Artep Graphic Designs\" \/>\n<meta property=\"og:description\" content=\"A k\u00f6rnyezettudatoss\u00e1g az ut\u00f3bbi \u00e9vek egyik leger\u0151sebb trendje lett a m\u00e1rk\u00e1k kommunik\u00e1ci\u00f3j\u00e1ban is. De mi pontosan az eco branding?\" \/>\n<meta property=\"og:url\" content=\"https:\/\/www.artep.hu\/en\/eco-branding\/\" \/>\n<meta property=\"og:site_name\" content=\"Artep Graphic Designs\" \/>\n<meta property=\"article:published_time\" content=\"2025-05-27T10:09:58+00:00\" \/>\n<meta property=\"article:modified_time\" content=\"2025-05-27T10:13:35+00:00\" \/>\n<meta property=\"og:image\" content=\"https:\/\/www.artep.hu\/wp-content\/uploads\/2025\/05\/eco-branding3-1024x683.png\" \/>\n\t<meta property=\"og:image:width\" content=\"1024\" \/>\n\t<meta property=\"og:image:height\" content=\"683\" \/>\n\t<meta property=\"og:image:type\" content=\"image\/png\" \/>\n<meta name=\"author\" content=\"K\u00f6teles Petra\" \/>\n<meta name=\"twitter:card\" content=\"summary_large_image\" \/>\n<meta name=\"twitter:label1\" content=\"Written by\" \/>\n\t<meta name=\"twitter:data1\" content=\"K\u00f6teles Petra\" \/>\n\t<meta name=\"twitter:label2\" content=\"Est. reading time\" \/>\n\t<meta name=\"twitter:data2\" content=\"3 minutes\" \/>\n<script type=\"application\/ld+json\" class=\"yoast-schema-graph\">{\"@context\":\"https:\\\/\\\/schema.org\",\"@graph\":[{\"@type\":\"Article\",\"@id\":\"https:\\\/\\\/www.artep.hu\\\/eco-branding\\\/#article\",\"isPartOf\":{\"@id\":\"https:\\\/\\\/www.artep.hu\\\/eco-branding\\\/\"},\"author\":{\"name\":\"K\u00f6teles Petra\",\"@id\":\"https:\\\/\\\/www.artep.hu\\\/#\\\/schema\\\/person\\\/f4ff1eca2b9fb73f9a5dce3a46f9e34b\"},\"headline\":\"Eco branding: a k\u00f6rnyezettudatos arculat t\u00f6bb, mint z\u00f6ld sz\u00edn\",\"datePublished\":\"2025-05-27T10:09:58+00:00\",\"dateModified\":\"2025-05-27T10:13:35+00:00\",\"mainEntityOfPage\":{\"@id\":\"https:\\\/\\\/www.artep.hu\\\/eco-branding\\\/\"},\"wordCount\":452,\"publisher\":{\"@id\":\"https:\\\/\\\/www.artep.hu\\\/#\\\/schema\\\/person\\\/f4ff1eca2b9fb73f9a5dce3a46f9e34b\"},\"image\":{\"@id\":\"https:\\\/\\\/www.artep.hu\\\/eco-branding\\\/#primaryimage\"},\"thumbnailUrl\":\"https:\\\/\\\/www.artep.hu\\\/wp-content\\\/uploads\\\/2025\\\/05\\\/eco-branding3.png\",\"keywords\":[\"eco branding\",\"grafikai tervez\u00e9s\"],\"articleSection\":[\"Blog\"],\"inLanguage\":\"en-US\"},{\"@type\":\"WebPage\",\"@id\":\"https:\\\/\\\/www.artep.hu\\\/eco-branding\\\/\",\"url\":\"https:\\\/\\\/www.artep.hu\\\/eco-branding\\\/\",\"name\":\"Eco branding: a k\u00f6rnyezettudatos arculat t\u00f6bb, mint z\u00f6ld sz\u00edn - Artep Graphic Designs\",\"isPartOf\":{\"@id\":\"https:\\\/\\\/www.artep.hu\\\/#website\"},\"primaryImageOfPage\":{\"@id\":\"https:\\\/\\\/www.artep.hu\\\/eco-branding\\\/#primaryimage\"},\"image\":{\"@id\":\"https:\\\/\\\/www.artep.hu\\\/eco-branding\\\/#primaryimage\"},\"thumbnailUrl\":\"https:\\\/\\\/www.artep.hu\\\/wp-content\\\/uploads\\\/2025\\\/05\\\/eco-branding3.png\",\"datePublished\":\"2025-05-27T10:09:58+00:00\",\"dateModified\":\"2025-05-27T10:13:35+00:00\",\"description\":\"A k\u00f6rnyezettudatoss\u00e1g az ut\u00f3bbi \u00e9vek egyik leger\u0151sebb trendje lett a m\u00e1rk\u00e1k kommunik\u00e1ci\u00f3j\u00e1ban is. De mi pontosan az eco branding?\",\"breadcrumb\":{\"@id\":\"https:\\\/\\\/www.artep.hu\\\/eco-branding\\\/#breadcrumb\"},\"inLanguage\":\"en-US\",\"potentialAction\":[{\"@type\":\"ReadAction\",\"target\":[\"https:\\\/\\\/www.artep.hu\\\/eco-branding\\\/\"]}]},{\"@type\":\"ImageObject\",\"inLanguage\":\"en-US\",\"@id\":\"https:\\\/\\\/www.artep.hu\\\/eco-branding\\\/#primaryimage\",\"url\":\"https:\\\/\\\/www.artep.hu\\\/wp-content\\\/uploads\\\/2025\\\/05\\\/eco-branding3.png\",\"contentUrl\":\"https:\\\/\\\/www.artep.hu\\\/wp-content\\\/uploads\\\/2025\\\/05\\\/eco-branding3.png\",\"width\":1536,\"height\":1024},{\"@type\":\"BreadcrumbList\",\"@id\":\"https:\\\/\\\/www.artep.hu\\\/eco-branding\\\/#breadcrumb\",\"itemListElement\":[{\"@type\":\"ListItem\",\"position\":1,\"name\":\"Kezd\u0151lap\",\"item\":\"https:\\\/\\\/www.artep.hu\\\/\"},{\"@type\":\"ListItem\",\"position\":2,\"name\":\"Eco branding: a k\u00f6rnyezettudatos arculat t\u00f6bb, mint z\u00f6ld sz\u00edn\"}]},{\"@type\":\"WebSite\",\"@id\":\"https:\\\/\\\/www.artep.hu\\\/#website\",\"url\":\"https:\\\/\\\/www.artep.hu\\\/\",\"name\":\"Artep Graphic Designs\",\"description\":\"\",\"publisher\":{\"@id\":\"https:\\\/\\\/www.artep.hu\\\/#\\\/schema\\\/person\\\/f4ff1eca2b9fb73f9a5dce3a46f9e34b\"},\"potentialAction\":[{\"@type\":\"SearchAction\",\"target\":{\"@type\":\"EntryPoint\",\"urlTemplate\":\"https:\\\/\\\/www.artep.hu\\\/?s={search_term_string}\"},\"query-input\":{\"@type\":\"PropertyValueSpecification\",\"valueRequired\":true,\"valueName\":\"search_term_string\"}}],\"inLanguage\":\"en-US\"},{\"@type\":[\"Person\",\"Organization\"],\"@id\":\"https:\\\/\\\/www.artep.hu\\\/#\\\/schema\\\/person\\\/f4ff1eca2b9fb73f9a5dce3a46f9e34b\",\"name\":\"K\u00f6teles Petra\",\"image\":{\"@type\":\"ImageObject\",\"inLanguage\":\"en-US\",\"@id\":\"https:\\\/\\\/www.artep.hu\\\/wp-content\\\/uploads\\\/2026\\\/01\\\/cropped-ARTEP.png\",\"url\":\"https:\\\/\\\/www.artep.hu\\\/wp-content\\\/uploads\\\/2026\\\/01\\\/cropped-ARTEP.png\",\"contentUrl\":\"https:\\\/\\\/www.artep.hu\\\/wp-content\\\/uploads\\\/2026\\\/01\\\/cropped-ARTEP.png\",\"width\":1999,\"height\":1659,\"caption\":\"K\u00f6teles Petra\"},\"logo\":{\"@id\":\"https:\\\/\\\/www.artep.hu\\\/wp-content\\\/uploads\\\/2026\\\/01\\\/cropped-ARTEP.png\"},\"sameAs\":[\"https:\\\/\\\/www.artep.hu\"],\"url\":\"https:\\\/\\\/www.artep.hu\\\/en\\\/author\\\/phaedracolt\\\/\"}]}<\/script>\n<!-- \/ Yoast SEO plugin. -->","yoast_head_json":{"title":"Eco branding: a k\u00f6rnyezettudatos arculat t\u00f6bb, mint z\u00f6ld sz\u00edn - Artep Graphic Designs","description":"A k\u00f6rnyezettudatoss\u00e1g az ut\u00f3bbi \u00e9vek egyik leger\u0151sebb trendje lett a m\u00e1rk\u00e1k kommunik\u00e1ci\u00f3j\u00e1ban is. De mi pontosan az eco branding?","robots":{"index":"index","follow":"follow","max-snippet":"max-snippet:-1","max-image-preview":"max-image-preview:large","max-video-preview":"max-video-preview:-1"},"canonical":"https:\/\/www.artep.hu\/en\/eco-branding\/","og_locale":"en_US","og_type":"article","og_title":"Eco branding: a k\u00f6rnyezettudatos arculat t\u00f6bb, mint z\u00f6ld sz\u00edn - Artep Graphic Designs","og_description":"A k\u00f6rnyezettudatoss\u00e1g az ut\u00f3bbi \u00e9vek egyik leger\u0151sebb trendje lett a m\u00e1rk\u00e1k kommunik\u00e1ci\u00f3j\u00e1ban is. De mi pontosan az eco branding?","og_url":"https:\/\/www.artep.hu\/en\/eco-branding\/","og_site_name":"Artep Graphic Designs","article_published_time":"2025-05-27T10:09:58+00:00","article_modified_time":"2025-05-27T10:13:35+00:00","og_image":[{"width":1024,"height":683,"url":"https:\/\/www.artep.hu\/wp-content\/uploads\/2025\/05\/eco-branding3-1024x683.png","type":"image\/png"}],"author":"K\u00f6teles Petra","twitter_card":"summary_large_image","twitter_misc":{"Written by":"K\u00f6teles Petra","Est. reading time":"3 minutes"},"schema":{"@context":"https:\/\/schema.org","@graph":[{"@type":"Article","@id":"https:\/\/www.artep.hu\/eco-branding\/#article","isPartOf":{"@id":"https:\/\/www.artep.hu\/eco-branding\/"},"author":{"name":"K\u00f6teles Petra","@id":"https:\/\/www.artep.hu\/#\/schema\/person\/f4ff1eca2b9fb73f9a5dce3a46f9e34b"},"headline":"Eco branding: a k\u00f6rnyezettudatos arculat t\u00f6bb, mint z\u00f6ld sz\u00edn","datePublished":"2025-05-27T10:09:58+00:00","dateModified":"2025-05-27T10:13:35+00:00","mainEntityOfPage":{"@id":"https:\/\/www.artep.hu\/eco-branding\/"},"wordCount":452,"publisher":{"@id":"https:\/\/www.artep.hu\/#\/schema\/person\/f4ff1eca2b9fb73f9a5dce3a46f9e34b"},"image":{"@id":"https:\/\/www.artep.hu\/eco-branding\/#primaryimage"},"thumbnailUrl":"https:\/\/www.artep.hu\/wp-content\/uploads\/2025\/05\/eco-branding3.png","keywords":["eco branding","grafikai tervez\u00e9s"],"articleSection":["Blog"],"inLanguage":"en-US"},{"@type":"WebPage","@id":"https:\/\/www.artep.hu\/eco-branding\/","url":"https:\/\/www.artep.hu\/eco-branding\/","name":"Eco branding: a k\u00f6rnyezettudatos arculat t\u00f6bb, mint z\u00f6ld sz\u00edn - Artep Graphic Designs","isPartOf":{"@id":"https:\/\/www.artep.hu\/#website"},"primaryImageOfPage":{"@id":"https:\/\/www.artep.hu\/eco-branding\/#primaryimage"},"image":{"@id":"https:\/\/www.artep.hu\/eco-branding\/#primaryimage"},"thumbnailUrl":"https:\/\/www.artep.hu\/wp-content\/uploads\/2025\/05\/eco-branding3.png","datePublished":"2025-05-27T10:09:58+00:00","dateModified":"2025-05-27T10:13:35+00:00","description":"A k\u00f6rnyezettudatoss\u00e1g az ut\u00f3bbi \u00e9vek egyik leger\u0151sebb trendje lett a m\u00e1rk\u00e1k kommunik\u00e1ci\u00f3j\u00e1ban is. De mi pontosan az eco branding?","breadcrumb":{"@id":"https:\/\/www.artep.hu\/eco-branding\/#breadcrumb"},"inLanguage":"en-US","potentialAction":[{"@type":"ReadAction","target":["https:\/\/www.artep.hu\/eco-branding\/"]}]},{"@type":"ImageObject","inLanguage":"en-US","@id":"https:\/\/www.artep.hu\/eco-branding\/#primaryimage","url":"https:\/\/www.artep.hu\/wp-content\/uploads\/2025\/05\/eco-branding3.png","contentUrl":"https:\/\/www.artep.hu\/wp-content\/uploads\/2025\/05\/eco-branding3.png","width":1536,"height":1024},{"@type":"BreadcrumbList","@id":"https:\/\/www.artep.hu\/eco-branding\/#breadcrumb","itemListElement":[{"@type":"ListItem","position":1,"name":"Kezd\u0151lap","item":"https:\/\/www.artep.hu\/"},{"@type":"ListItem","position":2,"name":"Eco branding: a k\u00f6rnyezettudatos arculat t\u00f6bb, mint z\u00f6ld sz\u00edn"}]},{"@type":"WebSite","@id":"https:\/\/www.artep.hu\/#website","url":"https:\/\/www.artep.hu\/","name":"Artep Graphic Designs","description":"","publisher":{"@id":"https:\/\/www.artep.hu\/#\/schema\/person\/f4ff1eca2b9fb73f9a5dce3a46f9e34b"},"potentialAction":[{"@type":"SearchAction","target":{"@type":"EntryPoint","urlTemplate":"https:\/\/www.artep.hu\/?s={search_term_string}"},"query-input":{"@type":"PropertyValueSpecification","valueRequired":true,"valueName":"search_term_string"}}],"inLanguage":"en-US"},{"@type":["Person","Organization"],"@id":"https:\/\/www.artep.hu\/#\/schema\/person\/f4ff1eca2b9fb73f9a5dce3a46f9e34b","name":"K\u00f6teles Petra","image":{"@type":"ImageObject","inLanguage":"en-US","@id":"https:\/\/www.artep.hu\/wp-content\/uploads\/2026\/01\/cropped-ARTEP.png","url":"https:\/\/www.artep.hu\/wp-content\/uploads\/2026\/01\/cropped-ARTEP.png","contentUrl":"https:\/\/www.artep.hu\/wp-content\/uploads\/2026\/01\/cropped-ARTEP.png","width":1999,"height":1659,"caption":"K\u00f6teles Petra"},"logo":{"@id":"https:\/\/www.artep.hu\/wp-content\/uploads\/2026\/01\/cropped-ARTEP.png"},"sameAs":["https:\/\/www.artep.hu"],"url":"https:\/\/www.artep.hu\/en\/author\/phaedracolt\/"}]}},"_links":{"self":[{"href":"https:\/\/www.artep.hu\/en\/wp-json\/wp\/v2\/posts\/1361","targetHints":{"allow":["GET"]}}],"collection":[{"href":"https:\/\/www.artep.hu\/en\/wp-json\/wp\/v2\/posts"}],"about":[{"href":"https:\/\/www.artep.hu\/en\/wp-json\/wp\/v2\/types\/post"}],"author":[{"embeddable":true,"href":"https:\/\/www.artep.hu\/en\/wp-json\/wp\/v2\/users\/1"}],"replies":[{"embeddable":true,"href":"https:\/\/www.artep.hu\/en\/wp-json\/wp\/v2\/comments?post=1361"}],"version-history":[{"count":1,"href":"https:\/\/www.artep.hu\/en\/wp-json\/wp\/v2\/posts\/1361\/revisions"}],"predecessor-version":[{"id":1363,"href":"https:\/\/www.artep.hu\/en\/wp-json\/wp\/v2\/posts\/1361\/revisions\/1363"}],"wp:featuredmedia":[{"embeddable":true,"href":"https:\/\/www.artep.hu\/en\/wp-json\/wp\/v2\/media\/1364"}],"wp:attachment":[{"href":"https:\/\/www.artep.hu\/en\/wp-json\/wp\/v2\/media?parent=1361"}],"wp:term":[{"taxonomy":"category","embeddable":true,"href":"https:\/\/www.artep.hu\/en\/wp-json\/wp\/v2\/categories?post=1361"},{"taxonomy":"post_tag","embeddable":true,"href":"https:\/\/www.artep.hu\/en\/wp-json\/wp\/v2\/tags?post=1361"}],"curies":[{"name":"wp","href":"https:\/\/api.w.org\/{rel}","templated":true}]}}