{"id":1404,"date":"2026-01-27T17:45:21","date_gmt":"2026-01-27T16:45:21","guid":{"rendered":"https:\/\/www.artep.hu\/?p=1404"},"modified":"2026-01-27T17:45:23","modified_gmt":"2026-01-27T16:45:23","slug":"hogyan-maradj-motivalt-irokent-amikor-nincs-kedved-irni","status":"publish","type":"post","link":"https:\/\/www.artep.hu\/en\/hogyan-maradj-motivalt-irokent-amikor-nincs-kedved-irni\/","title":{"rendered":"How to Stay Motivated as a Writer When You Really Don\u2019t Feel Like Writing"},"content":{"rendered":"<h2 class=\"wp-block-heading\" style=\"font-size:18px\">There are days when writing has nothing to do with mood. You know what you want to write, you even like your story, but you're just not in the mood for it. The thought of opening the document seems harder than it should, and suddenly everything else seems more urgent.<\/h2>\n\n\n\n<p>This is not writer's block, nor is it a creative crisis. It is simply a lack of human motivation. Writing requires energy, concentration, and emotional presence, and there are days when you just don't feel like it. The key is not to force yourself, but to find ways to gently bring yourself back into writing mode without it being painful. The good news is that motivation can be built up with small, practical methods. You don't need a breakthrough moment or sudden inspiration. Just a few tools to help you get in the mood and stay motivated even on days when writing feels like a chore.<\/p>\n\n\n\n<h2 class=\"wp-block-heading\" style=\"font-size:18px\"><strong>Lower the Bar and Write Anyway<\/strong><\/h2>\n\n\n\n<p class=\"has-text-align-justify\">One of the biggest demotivating factors is perfectionism. You want the scene to be powerful, emotional, and meaningful, so your brain decides that it's safer not to do anything at all. Instead, deliberately lower your expectations. Decide that your goal for today is just to write something. To finish a scene, for example. A dialogue. It doesn't matter if you succeed, just get it done. Allow yourself to write messy drafts, awkward dialogue, or half-baked ideas. Bad writing is still progress. A blank page is not. When the pressure is off, writing often becomes easier than you expected.<\/p>\n\n\n\n<h2 class=\"wp-block-heading\" style=\"font-size:18px\"><strong>Change the Way You Write<\/strong><\/h2>\n\n\n\n<figure class=\"wp-block-image aligncenter size-large\"><img fetchpriority=\"high\" decoding=\"async\" width=\"1024\" height=\"1024\" src=\"https:\/\/www.artep.hu\/wp-content\/uploads\/2026\/01\/tshirt-gift-for-writer-1024x1024.png\" alt=\"\" class=\"wp-image-1409\" srcset=\"https:\/\/www.artep.hu\/wp-content\/uploads\/2026\/01\/tshirt-gift-for-writer-1024x1024.png 1024w, https:\/\/www.artep.hu\/wp-content\/uploads\/2026\/01\/tshirt-gift-for-writer-300x300.png 300w, https:\/\/www.artep.hu\/wp-content\/uploads\/2026\/01\/tshirt-gift-for-writer-150x150.png 150w, https:\/\/www.artep.hu\/wp-content\/uploads\/2026\/01\/tshirt-gift-for-writer-768x768.png 768w, https:\/\/www.artep.hu\/wp-content\/uploads\/2026\/01\/tshirt-gift-for-writer-100x100.png 100w, https:\/\/www.artep.hu\/wp-content\/uploads\/2026\/01\/tshirt-gift-for-writer-1536x1536.png 1536w, https:\/\/www.artep.hu\/wp-content\/uploads\/2026\/01\/tshirt-gift-for-writer-12x12.png 12w, https:\/\/www.artep.hu\/wp-content\/uploads\/2026\/01\/tshirt-gift-for-writer.png 2000w\" sizes=\"(max-width: 1024px) 100vw, 1024px\" \/><\/figure>\n\n\n\n<div style=\"height:20px\" aria-hidden=\"true\" class=\"wp-block-spacer\"><\/div>\n\n\n\n<p class=\"has-text-align-justify\">If you get stuck, try changing the format instead of forcing yourself to write. Write on your phone instead of your laptop. Switch from narration to dialogue. Go to another room to write. Write down a character's thoughts, a backstory, or even a letter that will never appear in the book. Small changes create novelty, and novelty awakens the creative brain. You're still writing, just from a different perspective.<\/p>\n\n\n\n<h2 class=\"wp-block-heading\" style=\"font-size:18px\"><strong>Surround Yourself with Motivating Objects<\/strong><\/h2>\n\n\n\n<p class=\"has-text-align-justify\">Your environment has a greater impact on your mindset than you might think. The objects around you quietly influence how you feel about writing. A mug with a cool quote, a candle that you only light when you write, a sticker on your laptop, a funny writing-related mug, or a T-shirt can serve as small but effective reminders. These objects help turn writing into a ritual. When you sit down with your motivational mug in your \"I am a writer\" sweater and light the candle with the inspirational label, your brain learns that this moment is different. This is writing time. Over time, these visual and sensory cues make it easier to concentrate, even when your motivation is low. <a href=\"https:\/\/www.etsy.com\/listing\/4440989164\/funny-coffee-mug-gift-for-writers\">mug<\/a>, egy <a href=\"https:\/\/www.etsy.com\/listing\/4348027374\/soy-candle-gift-for-writer-funny\">gyertya<\/a>, amelyet csak \u00edr\u00e1s k\u00f6zben gy\u00fajtasz meg, egy laptopra ragasztott <a href=\"https:\/\/www.etsy.com\/listing\/4440401572\/laptop-stickers-for-writers-motivational\">matrica<\/a>, vicces, \u00edr\u00e1ssal kapcsolatos <a href=\"https:\/\/www.etsy.com\/listing\/4379880597\/funny-pint-glass-for-writers-writing\">poh\u00e1r<\/a>, vagy egy <a href=\"https:\/\/www.etsy.com\/listing\/4366948455\/best-gift-for-writer-motivational-tshirt\">p\u00f3l\u00f3<\/a>, kicsi, de hat\u00e9kony eml\u00e9keztet\u0151k\u00e9nt szolg\u00e1lhatnak. Ezek a t\u00e1rgyak seg\u00edtenek az \u00edr\u00e1s ritu\u00e1l\u00e9v\u00e1 alak\u00edt\u00e1s\u00e1ban. Amikor le\u00fclsz a motiv\u00e1l\u00f3feliratos b\u00f6gr\u00e9ddel az \u00edr\u00f3 vagyok pulcsidban, \u00e9s meggy\u00fajtod a gyerty\u00e1t, amin inspir\u00e1l\u00f3 c\u00edmke van, az agyad megtanulja, hogy ez a pillanat m\u00e1s. Ez az \u00edr\u00e1s ideje. Id\u0151vel ezek a vizu\u00e1lis \u00e9s \u00e9rz\u00e9kszervi jelek megk\u00f6nny\u00edtik a koncentr\u00e1ci\u00f3t, m\u00e9g akkor is, ha \u00e9pp alacsony a motiv\u00e1ci\u00f3d.<\/p>\n\n\n\n<h2 class=\"wp-block-heading\" style=\"font-size:18px\"><strong>Use Small Rewards<\/strong><\/h2>\n\n\n\n<p class=\"has-text-align-justify\">A motiv\u00e1ci\u00f3 n\u00f6vekszik, ha az \u00edr\u00e1s pozit\u00edv \u00e9lm\u00e9nyekkel kapcsol\u00f3dik \u00f6ssze. Ahelyett, hogy azt mondan\u00e1d magadnak, hogy be kell fejezned egy eg\u00e9sz fejezetet, hozz l\u00e9tre kis, el\u00e9rhet\u0151 c\u00e9lokat kis jutalmakkal. \u00cdrj h\u00fasz percig, majd \u00e9lvezd a k\u00e1v\u00e9dat. \u00cdrj \u00f6tsz\u00e1z sz\u00f3t, majd tarts egy r\u00f6vid sz\u00fcnetet, \u00e9s csin\u00e1lj valamit, amihez am\u00fagy \u00e9pp lenne kedved. Ez arra tan\u00edtja az agyadat, hogy meg\u00e9ri \u00edrni, mert jutalom v\u00e1r a v\u00e9g\u00e9n.<\/p>\n\n\n\n<h2 class=\"wp-block-heading\" style=\"font-size:18px\"><strong>Reconnect with Your Why<\/strong><\/h2>\n\n\n\n<p class=\"has-text-align-justify\">When motivation disappears, it's often because you've lost touch with why this story is important to you, why writing is important at all. Reread your favorite scene, your original idea notes, or a kind message from a reader. Remind yourself that writing isn't just a task, but something you chose for a reason.<\/p>\n\n\n\n<div style=\"height:71px\" aria-hidden=\"true\" class=\"wp-block-spacer\"><\/div>\n\n\n\n<p class=\"has-text-align-justify\">You won't feel motivated every day, and that's perfectly normal. Even professional writers aren't magically inspired every moment of every day. They simply know how to create an environment, mindset, and routine in which writing is always possible. Sometimes all you need is a reminder on your desk and a quiet thought: I am a writer, and this is my time.<\/p>","protected":false},"excerpt":{"rendered":"<p>Vannak napok, amikor az \u00edr\u00e1snak semmi k\u00f6ze a kedvhez. Tudod, mit akarsz \u00edrni, m\u00e9g a t\u00f6rt\u00e9neted is tetszik, csak nincs hozz\u00e1 hangulatod. A dokumentum megnyit\u00e1s\u00e1nak gondolata nehezebbnek t\u0171nik, mint kellene, \u00e9s hirtelen minden m\u00e1s s\u00fcrget\u0151bbnek t\u0171nik. Ez nem \u00edr\u00f3i blokk, \u00e9s nem is kreat\u00edv v\u00e1ls\u00e1g. Egyszer\u0171en csak emberi motiv\u00e1ci\u00f3hi\u00e1ny. Az \u00edr\u00e1s energi\u00e1t, koncentr\u00e1ci\u00f3t \u00e9s \u00e9rzelmi [&hellip;]<\/p>\n","protected":false},"author":1,"featured_media":1408,"comment_status":"closed","ping_status":"open","sticky":false,"template":"","format":"standard","meta":{"_editorskit_title_hidden":false,"_editorskit_reading_time":0,"_editorskit_is_block_options_detached":false,"_editorskit_block_options_position":"{}","site-sidebar-layout":"default","site-content-layout":"","ast-site-content-layout":"default","site-content-style":"default","site-sidebar-style":"default","ast-global-header-display":"","ast-banner-title-visibility":"","ast-main-header-display":"","ast-hfb-above-header-display":"","ast-hfb-below-header-display":"","ast-hfb-mobile-header-display":"","site-post-title":"","ast-breadcrumbs-content":"","ast-featured-img":"","footer-sml-layout":"","theme-transparent-header-meta":"","adv-header-id-meta":"","stick-header-meta":"","header-above-stick-meta":"","header-main-stick-meta":"","header-below-stick-meta":"","astra-migrate-meta-layouts":"set","ast-page-background-enabled":"default","ast-page-background-meta":{"desktop":{"background-color":"","background-image":"","background-repeat":"repeat","background-position":"center center","background-size":"auto","background-attachment":"scroll","background-type":"","background-media":"","overlay-type":"","overlay-color":"","overlay-opacity":"","overlay-gradient":""},"tablet":{"background-color":"","background-image":"","background-repeat":"repeat","background-position":"center center","background-size":"auto","background-attachment":"scroll","background-type":"","background-media":"","overlay-type":"","overlay-color":"","overlay-opacity":"","overlay-gradient":""},"mobile":{"background-color":"","background-image":"","background-repeat":"repeat","background-position":"center center","background-size":"auto","background-attachment":"scroll","background-type":"","background-media":"","overlay-type":"","overlay-color":"","overlay-opacity":"","overlay-gradient":""}},"ast-content-background-meta":{"desktop":{"background-color":"var(--ast-global-color-5)","background-image":"","background-repeat":"repeat","background-position":"center center","background-size":"auto","background-attachment":"scroll","background-type":"","background-media":"","overlay-type":"","overlay-color":"","overlay-opacity":"","overlay-gradient":""},"tablet":{"background-color":"var(--ast-global-color-5)","background-image":"","background-repeat":"repeat","background-position":"center center","background-size":"auto","background-attachment":"scroll","background-type":"","background-media":"","overlay-type":"","overlay-color":"","overlay-opacity":"","overlay-gradient":""},"mobile":{"background-color":"var(--ast-global-color-5)","background-image":"","background-repeat":"repeat","background-position":"center center","background-size":"auto","background-attachment":"scroll","background-type":"","background-media":"","overlay-type":"","overlay-color":"","overlay-opacity":"","overlay-gradient":""}},"footnotes":""},"categories":[8],"tags":[],"class_list":["post-1404","post","type-post","status-publish","format-standard","has-post-thumbnail","hentry","category-blog"],"yoast_head":"<!-- This site is optimized with the Yoast SEO plugin v27.5 - https:\/\/yoast.com\/product\/yoast-seo-wordpress\/ -->\n<title>Hogyan maradj motiv\u00e1lt \u00edr\u00f3k\u00e9nt, amikor nincs kedved \u00edrni - Artep Graphic Designs<\/title>\n<meta name=\"description\" content=\"Csak n\u00e9h\u00e1ny eszk\u00f6zre van sz\u00fcks\u00e9ged, amelyek seg\u00edtenekmotiv\u00e1ltnak maradni \u00edr\u00f3k\u00e9nt, amikor az \u00edr\u00e1s ny\u0171gnek \u00e9rz\u0151dik.\" \/>\n<meta name=\"robots\" content=\"index, follow, max-snippet:-1, max-image-preview:large, max-video-preview:-1\" \/>\n<link rel=\"canonical\" href=\"https:\/\/www.artep.hu\/en\/hogyan-maradj-motivalt-irokent-amikor-nincs-kedved-irni\/\" \/>\n<meta property=\"og:locale\" content=\"en_US\" \/>\n<meta property=\"og:type\" content=\"article\" \/>\n<meta property=\"og:title\" content=\"Hogyan maradj motiv\u00e1lt \u00edr\u00f3k\u00e9nt, amikor nincs kedved \u00edrni - Artep Graphic Designs\" \/>\n<meta property=\"og:description\" content=\"Csak n\u00e9h\u00e1ny eszk\u00f6zre van sz\u00fcks\u00e9ged, amelyek seg\u00edtenekmotiv\u00e1ltnak maradni \u00edr\u00f3k\u00e9nt, amikor az \u00edr\u00e1s ny\u0171gnek \u00e9rz\u0151dik.\" \/>\n<meta property=\"og:url\" content=\"https:\/\/www.artep.hu\/en\/hogyan-maradj-motivalt-irokent-amikor-nincs-kedved-irni\/\" \/>\n<meta property=\"og:site_name\" content=\"Artep Graphic Designs\" \/>\n<meta property=\"article:published_time\" content=\"2026-01-27T16:45:21+00:00\" \/>\n<meta property=\"article:modified_time\" content=\"2026-01-27T16:45:23+00:00\" \/>\n<meta property=\"og:image\" content=\"https:\/\/www.artep.hu\/wp-content\/uploads\/2026\/01\/writer-or-die-mug-gift-for-author-1024x791.png\" \/>\n\t<meta property=\"og:image:width\" content=\"1024\" \/>\n\t<meta property=\"og:image:height\" content=\"791\" \/>\n\t<meta property=\"og:image:type\" content=\"image\/png\" \/>\n<meta name=\"author\" content=\"K\u00f6teles Petra\" \/>\n<meta name=\"twitter:card\" content=\"summary_large_image\" \/>\n<meta name=\"twitter:label1\" content=\"Written by\" \/>\n\t<meta name=\"twitter:data1\" content=\"K\u00f6teles Petra\" \/>\n\t<meta name=\"twitter:label2\" content=\"Est. reading time\" \/>\n\t<meta name=\"twitter:data2\" content=\"4 minutes\" \/>\n<script type=\"application\/ld+json\" class=\"yoast-schema-graph\">{\"@context\":\"https:\\\/\\\/schema.org\",\"@graph\":[{\"@type\":\"Article\",\"@id\":\"https:\\\/\\\/www.artep.hu\\\/hogyan-maradj-motivalt-irokent-amikor-nincs-kedved-irni\\\/#article\",\"isPartOf\":{\"@id\":\"https:\\\/\\\/www.artep.hu\\\/hogyan-maradj-motivalt-irokent-amikor-nincs-kedved-irni\\\/\"},\"author\":{\"name\":\"K\u00f6teles Petra\",\"@id\":\"https:\\\/\\\/www.artep.hu\\\/#\\\/schema\\\/person\\\/f4ff1eca2b9fb73f9a5dce3a46f9e34b\"},\"headline\":\"Hogyan maradj motiv\u00e1lt \u00edr\u00f3k\u00e9nt, amikor nincs kedved \u00edrni\",\"datePublished\":\"2026-01-27T16:45:21+00:00\",\"dateModified\":\"2026-01-27T16:45:23+00:00\",\"mainEntityOfPage\":{\"@id\":\"https:\\\/\\\/www.artep.hu\\\/hogyan-maradj-motivalt-irokent-amikor-nincs-kedved-irni\\\/\"},\"wordCount\":844,\"publisher\":{\"@id\":\"https:\\\/\\\/www.artep.hu\\\/#\\\/schema\\\/person\\\/f4ff1eca2b9fb73f9a5dce3a46f9e34b\"},\"image\":{\"@id\":\"https:\\\/\\\/www.artep.hu\\\/hogyan-maradj-motivalt-irokent-amikor-nincs-kedved-irni\\\/#primaryimage\"},\"thumbnailUrl\":\"https:\\\/\\\/www.artep.hu\\\/wp-content\\\/uploads\\\/2026\\\/01\\\/writer-or-die-mug-gift-for-author-scaled.png\",\"articleSection\":[\"Blog\"],\"inLanguage\":\"en-US\"},{\"@type\":\"WebPage\",\"@id\":\"https:\\\/\\\/www.artep.hu\\\/hogyan-maradj-motivalt-irokent-amikor-nincs-kedved-irni\\\/\",\"url\":\"https:\\\/\\\/www.artep.hu\\\/hogyan-maradj-motivalt-irokent-amikor-nincs-kedved-irni\\\/\",\"name\":\"Hogyan maradj motiv\u00e1lt \u00edr\u00f3k\u00e9nt, amikor nincs kedved \u00edrni - Artep Graphic Designs\",\"isPartOf\":{\"@id\":\"https:\\\/\\\/www.artep.hu\\\/#website\"},\"primaryImageOfPage\":{\"@id\":\"https:\\\/\\\/www.artep.hu\\\/hogyan-maradj-motivalt-irokent-amikor-nincs-kedved-irni\\\/#primaryimage\"},\"image\":{\"@id\":\"https:\\\/\\\/www.artep.hu\\\/hogyan-maradj-motivalt-irokent-amikor-nincs-kedved-irni\\\/#primaryimage\"},\"thumbnailUrl\":\"https:\\\/\\\/www.artep.hu\\\/wp-content\\\/uploads\\\/2026\\\/01\\\/writer-or-die-mug-gift-for-author-scaled.png\",\"datePublished\":\"2026-01-27T16:45:21+00:00\",\"dateModified\":\"2026-01-27T16:45:23+00:00\",\"description\":\"Csak n\u00e9h\u00e1ny eszk\u00f6zre van sz\u00fcks\u00e9ged, amelyek seg\u00edtenekmotiv\u00e1ltnak maradni \u00edr\u00f3k\u00e9nt, amikor az \u00edr\u00e1s ny\u0171gnek \u00e9rz\u0151dik.\",\"breadcrumb\":{\"@id\":\"https:\\\/\\\/www.artep.hu\\\/hogyan-maradj-motivalt-irokent-amikor-nincs-kedved-irni\\\/#breadcrumb\"},\"inLanguage\":\"en-US\",\"potentialAction\":[{\"@type\":\"ReadAction\",\"target\":[\"https:\\\/\\\/www.artep.hu\\\/hogyan-maradj-motivalt-irokent-amikor-nincs-kedved-irni\\\/\"]}]},{\"@type\":\"ImageObject\",\"inLanguage\":\"en-US\",\"@id\":\"https:\\\/\\\/www.artep.hu\\\/hogyan-maradj-motivalt-irokent-amikor-nincs-kedved-irni\\\/#primaryimage\",\"url\":\"https:\\\/\\\/www.artep.hu\\\/wp-content\\\/uploads\\\/2026\\\/01\\\/writer-or-die-mug-gift-for-author-scaled.png\",\"contentUrl\":\"https:\\\/\\\/www.artep.hu\\\/wp-content\\\/uploads\\\/2026\\\/01\\\/writer-or-die-mug-gift-for-author-scaled.png\",\"width\":2560,\"height\":1977},{\"@type\":\"BreadcrumbList\",\"@id\":\"https:\\\/\\\/www.artep.hu\\\/hogyan-maradj-motivalt-irokent-amikor-nincs-kedved-irni\\\/#breadcrumb\",\"itemListElement\":[{\"@type\":\"ListItem\",\"position\":1,\"name\":\"Kezd\u0151lap\",\"item\":\"https:\\\/\\\/www.artep.hu\\\/\"},{\"@type\":\"ListItem\",\"position\":2,\"name\":\"Hogyan maradj motiv\u00e1lt \u00edr\u00f3k\u00e9nt, amikor nincs kedved \u00edrni\"}]},{\"@type\":\"WebSite\",\"@id\":\"https:\\\/\\\/www.artep.hu\\\/#website\",\"url\":\"https:\\\/\\\/www.artep.hu\\\/\",\"name\":\"Artep Graphic Designs\",\"description\":\"\",\"publisher\":{\"@id\":\"https:\\\/\\\/www.artep.hu\\\/#\\\/schema\\\/person\\\/f4ff1eca2b9fb73f9a5dce3a46f9e34b\"},\"potentialAction\":[{\"@type\":\"SearchAction\",\"target\":{\"@type\":\"EntryPoint\",\"urlTemplate\":\"https:\\\/\\\/www.artep.hu\\\/?s={search_term_string}\"},\"query-input\":{\"@type\":\"PropertyValueSpecification\",\"valueRequired\":true,\"valueName\":\"search_term_string\"}}],\"inLanguage\":\"en-US\"},{\"@type\":[\"Person\",\"Organization\"],\"@id\":\"https:\\\/\\\/www.artep.hu\\\/#\\\/schema\\\/person\\\/f4ff1eca2b9fb73f9a5dce3a46f9e34b\",\"name\":\"K\u00f6teles Petra\",\"image\":{\"@type\":\"ImageObject\",\"inLanguage\":\"en-US\",\"@id\":\"https:\\\/\\\/www.artep.hu\\\/wp-content\\\/uploads\\\/2026\\\/01\\\/cropped-ARTEP.png\",\"url\":\"https:\\\/\\\/www.artep.hu\\\/wp-content\\\/uploads\\\/2026\\\/01\\\/cropped-ARTEP.png\",\"contentUrl\":\"https:\\\/\\\/www.artep.hu\\\/wp-content\\\/uploads\\\/2026\\\/01\\\/cropped-ARTEP.png\",\"width\":1999,\"height\":1659,\"caption\":\"K\u00f6teles Petra\"},\"logo\":{\"@id\":\"https:\\\/\\\/www.artep.hu\\\/wp-content\\\/uploads\\\/2026\\\/01\\\/cropped-ARTEP.png\"},\"sameAs\":[\"https:\\\/\\\/www.artep.hu\"],\"url\":\"https:\\\/\\\/www.artep.hu\\\/en\\\/author\\\/phaedracolt\\\/\"}]}<\/script>\n<!-- \/ Yoast SEO plugin. -->","yoast_head_json":{"title":"Hogyan maradj motiv\u00e1lt \u00edr\u00f3k\u00e9nt, amikor nincs kedved \u00edrni - Artep Graphic Designs","description":"Csak n\u00e9h\u00e1ny eszk\u00f6zre van sz\u00fcks\u00e9ged, amelyek seg\u00edtenekmotiv\u00e1ltnak maradni \u00edr\u00f3k\u00e9nt, amikor az \u00edr\u00e1s ny\u0171gnek \u00e9rz\u0151dik.","robots":{"index":"index","follow":"follow","max-snippet":"max-snippet:-1","max-image-preview":"max-image-preview:large","max-video-preview":"max-video-preview:-1"},"canonical":"https:\/\/www.artep.hu\/en\/hogyan-maradj-motivalt-irokent-amikor-nincs-kedved-irni\/","og_locale":"en_US","og_type":"article","og_title":"Hogyan maradj motiv\u00e1lt \u00edr\u00f3k\u00e9nt, amikor nincs kedved \u00edrni - Artep Graphic Designs","og_description":"Csak n\u00e9h\u00e1ny eszk\u00f6zre van sz\u00fcks\u00e9ged, amelyek seg\u00edtenekmotiv\u00e1ltnak maradni \u00edr\u00f3k\u00e9nt, amikor az \u00edr\u00e1s ny\u0171gnek \u00e9rz\u0151dik.","og_url":"https:\/\/www.artep.hu\/en\/hogyan-maradj-motivalt-irokent-amikor-nincs-kedved-irni\/","og_site_name":"Artep Graphic Designs","article_published_time":"2026-01-27T16:45:21+00:00","article_modified_time":"2026-01-27T16:45:23+00:00","og_image":[{"width":1024,"height":791,"url":"https:\/\/www.artep.hu\/wp-content\/uploads\/2026\/01\/writer-or-die-mug-gift-for-author-1024x791.png","type":"image\/png"}],"author":"K\u00f6teles Petra","twitter_card":"summary_large_image","twitter_misc":{"Written by":"K\u00f6teles Petra","Est. reading time":"4 minutes"},"schema":{"@context":"https:\/\/schema.org","@graph":[{"@type":"Article","@id":"https:\/\/www.artep.hu\/hogyan-maradj-motivalt-irokent-amikor-nincs-kedved-irni\/#article","isPartOf":{"@id":"https:\/\/www.artep.hu\/hogyan-maradj-motivalt-irokent-amikor-nincs-kedved-irni\/"},"author":{"name":"K\u00f6teles Petra","@id":"https:\/\/www.artep.hu\/#\/schema\/person\/f4ff1eca2b9fb73f9a5dce3a46f9e34b"},"headline":"Hogyan maradj motiv\u00e1lt \u00edr\u00f3k\u00e9nt, amikor nincs kedved \u00edrni","datePublished":"2026-01-27T16:45:21+00:00","dateModified":"2026-01-27T16:45:23+00:00","mainEntityOfPage":{"@id":"https:\/\/www.artep.hu\/hogyan-maradj-motivalt-irokent-amikor-nincs-kedved-irni\/"},"wordCount":844,"publisher":{"@id":"https:\/\/www.artep.hu\/#\/schema\/person\/f4ff1eca2b9fb73f9a5dce3a46f9e34b"},"image":{"@id":"https:\/\/www.artep.hu\/hogyan-maradj-motivalt-irokent-amikor-nincs-kedved-irni\/#primaryimage"},"thumbnailUrl":"https:\/\/www.artep.hu\/wp-content\/uploads\/2026\/01\/writer-or-die-mug-gift-for-author-scaled.png","articleSection":["Blog"],"inLanguage":"en-US"},{"@type":"WebPage","@id":"https:\/\/www.artep.hu\/hogyan-maradj-motivalt-irokent-amikor-nincs-kedved-irni\/","url":"https:\/\/www.artep.hu\/hogyan-maradj-motivalt-irokent-amikor-nincs-kedved-irni\/","name":"Hogyan maradj motiv\u00e1lt \u00edr\u00f3k\u00e9nt, amikor nincs kedved \u00edrni - Artep Graphic Designs","isPartOf":{"@id":"https:\/\/www.artep.hu\/#website"},"primaryImageOfPage":{"@id":"https:\/\/www.artep.hu\/hogyan-maradj-motivalt-irokent-amikor-nincs-kedved-irni\/#primaryimage"},"image":{"@id":"https:\/\/www.artep.hu\/hogyan-maradj-motivalt-irokent-amikor-nincs-kedved-irni\/#primaryimage"},"thumbnailUrl":"https:\/\/www.artep.hu\/wp-content\/uploads\/2026\/01\/writer-or-die-mug-gift-for-author-scaled.png","datePublished":"2026-01-27T16:45:21+00:00","dateModified":"2026-01-27T16:45:23+00:00","description":"Csak n\u00e9h\u00e1ny eszk\u00f6zre van sz\u00fcks\u00e9ged, amelyek seg\u00edtenekmotiv\u00e1ltnak maradni \u00edr\u00f3k\u00e9nt, amikor az \u00edr\u00e1s ny\u0171gnek \u00e9rz\u0151dik.","breadcrumb":{"@id":"https:\/\/www.artep.hu\/hogyan-maradj-motivalt-irokent-amikor-nincs-kedved-irni\/#breadcrumb"},"inLanguage":"en-US","potentialAction":[{"@type":"ReadAction","target":["https:\/\/www.artep.hu\/hogyan-maradj-motivalt-irokent-amikor-nincs-kedved-irni\/"]}]},{"@type":"ImageObject","inLanguage":"en-US","@id":"https:\/\/www.artep.hu\/hogyan-maradj-motivalt-irokent-amikor-nincs-kedved-irni\/#primaryimage","url":"https:\/\/www.artep.hu\/wp-content\/uploads\/2026\/01\/writer-or-die-mug-gift-for-author-scaled.png","contentUrl":"https:\/\/www.artep.hu\/wp-content\/uploads\/2026\/01\/writer-or-die-mug-gift-for-author-scaled.png","width":2560,"height":1977},{"@type":"BreadcrumbList","@id":"https:\/\/www.artep.hu\/hogyan-maradj-motivalt-irokent-amikor-nincs-kedved-irni\/#breadcrumb","itemListElement":[{"@type":"ListItem","position":1,"name":"Kezd\u0151lap","item":"https:\/\/www.artep.hu\/"},{"@type":"ListItem","position":2,"name":"Hogyan maradj motiv\u00e1lt \u00edr\u00f3k\u00e9nt, amikor nincs kedved \u00edrni"}]},{"@type":"WebSite","@id":"https:\/\/www.artep.hu\/#website","url":"https:\/\/www.artep.hu\/","name":"Artep Graphic Designs","description":"","publisher":{"@id":"https:\/\/www.artep.hu\/#\/schema\/person\/f4ff1eca2b9fb73f9a5dce3a46f9e34b"},"potentialAction":[{"@type":"SearchAction","target":{"@type":"EntryPoint","urlTemplate":"https:\/\/www.artep.hu\/?s={search_term_string}"},"query-input":{"@type":"PropertyValueSpecification","valueRequired":true,"valueName":"search_term_string"}}],"inLanguage":"en-US"},{"@type":["Person","Organization"],"@id":"https:\/\/www.artep.hu\/#\/schema\/person\/f4ff1eca2b9fb73f9a5dce3a46f9e34b","name":"K\u00f6teles Petra","image":{"@type":"ImageObject","inLanguage":"en-US","@id":"https:\/\/www.artep.hu\/wp-content\/uploads\/2026\/01\/cropped-ARTEP.png","url":"https:\/\/www.artep.hu\/wp-content\/uploads\/2026\/01\/cropped-ARTEP.png","contentUrl":"https:\/\/www.artep.hu\/wp-content\/uploads\/2026\/01\/cropped-ARTEP.png","width":1999,"height":1659,"caption":"K\u00f6teles Petra"},"logo":{"@id":"https:\/\/www.artep.hu\/wp-content\/uploads\/2026\/01\/cropped-ARTEP.png"},"sameAs":["https:\/\/www.artep.hu"],"url":"https:\/\/www.artep.hu\/en\/author\/phaedracolt\/"}]}},"_links":{"self":[{"href":"https:\/\/www.artep.hu\/en\/wp-json\/wp\/v2\/posts\/1404","targetHints":{"allow":["GET"]}}],"collection":[{"href":"https:\/\/www.artep.hu\/en\/wp-json\/wp\/v2\/posts"}],"about":[{"href":"https:\/\/www.artep.hu\/en\/wp-json\/wp\/v2\/types\/post"}],"author":[{"embeddable":true,"href":"https:\/\/www.artep.hu\/en\/wp-json\/wp\/v2\/users\/1"}],"replies":[{"embeddable":true,"href":"https:\/\/www.artep.hu\/en\/wp-json\/wp\/v2\/comments?post=1404"}],"version-history":[{"count":2,"href":"https:\/\/www.artep.hu\/en\/wp-json\/wp\/v2\/posts\/1404\/revisions"}],"predecessor-version":[{"id":1410,"href":"https:\/\/www.artep.hu\/en\/wp-json\/wp\/v2\/posts\/1404\/revisions\/1410"}],"wp:featuredmedia":[{"embeddable":true,"href":"https:\/\/www.artep.hu\/en\/wp-json\/wp\/v2\/media\/1408"}],"wp:attachment":[{"href":"https:\/\/www.artep.hu\/en\/wp-json\/wp\/v2\/media?parent=1404"}],"wp:term":[{"taxonomy":"category","embeddable":true,"href":"https:\/\/www.artep.hu\/en\/wp-json\/wp\/v2\/categories?post=1404"},{"taxonomy":"post_tag","embeddable":true,"href":"https:\/\/www.artep.hu\/en\/wp-json\/wp\/v2\/tags?post=1404"}],"curies":[{"name":"wp","href":"https:\/\/api.w.org\/{rel}","templated":true}]}}